{"id":11036,"date":"2014-07-03T09:30:57","date_gmt":"2014-07-03T12:30:57","guid":{"rendered":"http:\/\/www.bibliotecadeseguranca.com.br\/fr\/?p=11036"},"modified":"2014-07-03T01:47:03","modified_gmt":"2014-07-03T04:47:03","slug":"o-passaro-de-ferro-uma-historia-dos-bastidores-da-seguranca-publica-do-rio-de-janeiro","status":"publish","type":"post","link":"https:\/\/www.bibliotecadeseguranca.com.br\/fr\/livros\/o-passaro-de-ferro-uma-historia-dos-bastidores-da-seguranca-publica-do-rio-de-janeiro\/","title":{"rendered":"O P\u00e1ssaro de Ferro \u2013 Uma Hist\u00f3ria Dos Bastidores da Seguran\u00e7a P\u00fablica do Rio de Janeiro"},"content":{"rendered":"<p><span style=\"color: rgb(0, 51, 102);\"><strong><img loading=\"lazy\" decoding=\"async\" class=\"alignleft size-full wp-image-11037\" src=\"http:\/\/www.bibliotecadeseguranca.com.br\/fr\/wp-content\/uploads\/2014\/07\/o-passaro-de-ferro-uma-historia-dos-bastidores-da-seguranca-publica-do-rio-de-janeiro.jpg\" alt=\"O P\u00e1ssaro de Ferro \u2013 Uma Hist\u00f3ria Dos Bastidores da Seguran\u00e7a P\u00fablica do Rio de Janeiro\" width=\"145\" height=\"212\" srcset=\"https:\/\/www.bibliotecadeseguranca.com.br\/fr\/wp-content\/uploads\/2014\/07\/o-passaro-de-ferro-uma-historia-dos-bastidores-da-seguranca-publica-do-rio-de-janeiro.jpg 145w, https:\/\/www.bibliotecadeseguranca.com.br\/fr\/wp-content\/uploads\/2014\/07\/o-passaro-de-ferro-uma-historia-dos-bastidores-da-seguranca-publica-do-rio-de-janeiro-102x150.jpg 102w\" sizes=\"auto, (max-width: 145px) 100vw, 145px\" \/>Marcio Colmerauer<\/strong><\/span><\/p>\n<p><span style=\"color: rgb(0, 51, 102);\"><strong>Editor Record<\/strong><\/span><\/p>\n<p><span style=\"color: rgb(0, 51, 102);\"><strong>Descripci\u00f3n:<\/strong><\/span> Quando, em outubro de 2008, os jornais noticiaram a compra de um helic\u00f3ptero blindado para a Pol\u00edcia Civil do Rio de Janeiro, poucas pessoas sabiam do real impacto dessa aquisi\u00e7\u00e3o sobre a pol\u00edtica de seguran\u00e7a p\u00fablica no Estado. Tamb\u00e9m n\u00e3o se tinha ideia de que esse passo firme s\u00f3 foi poss\u00edvel gra\u00e7as a um pioneiro e obstinado processo que come\u00e7ara, tr\u00eas anos antes.<br \/>\nO p\u00e1ssaro de ferro narra em detalhes como e por que esse helic\u00f3ptero foi comprado, desde os primeiros movimentos, ainda no governo de transi\u00e7\u00e3o do rec\u00e9m-eleito governador S\u00e9rgio Cabral, no final de 2006, passando pelas viagens t\u00e9cnicas aos EUA e \u00e0 Col\u00f4mbia, at\u00e9 a escolha da aeronave perfeita para enfrentar a realidade imposta pela criminalidade urbana no Rio de Janeiro.<br \/>\nContado pelo ent\u00e3o subsecret\u00e1rio de Seguran\u00e7a, Marcio Colmerauer \u2014 que deu partida, reuniu o elenco necess\u00e1rio, acompanhou e agiu de maneira decisiva para o desfecho favor\u00e1vel dessa empreitada \u2014, este \u00e9 um relato singular, a partir de um ponto de vista privilegiado, aquele desde dentro, do campo, da linha de frente. Colmerauer revela as conversas de bastidores, os confrontos mais intensos e as amea\u00e7as que os jornais nunca veicularam e a consolida\u00e7\u00e3o dessa aeronave como personagem indispens\u00e1vel no processo de pacifica\u00e7\u00e3o das comunidades no Rio de Janeiro.<\/p>\n","protected":false},"excerpt":{"rendered":"<p>Marcio Colmerauer Editor Record Descripci\u00f3n: Quando, em outubro de 2008, os jornais noticiaram a compra de um helic\u00f3ptero blindado para a Pol\u00edcia Civil do Rio de Janeiro, poucas pessoas sabiam do real impacto dessa aquisi\u00e7\u00e3o sobre a pol\u00edtica de seguran\u00e7a p\u00fablica no Estado. Tamb\u00e9m n\u00e3o se tinha ideia de que esse passo firme s\u00f3 foi poss\u00edvel gra\u00e7as a um pioneiro e obstinado processo que come\u00e7ara, tr\u00eas anos antes. O p\u00e1ssaro&hellip; <\/p>\n","protected":false},"author":3,"featured_media":11037,"comment_status":"open","ping_status":"closed","sticky":false,"template":"","format":"standard","meta":{"footnotes":""},"categories":[6,25],"tags":[],"class_list":["post-11036","post","type-post","status-publish","format-standard","has-post-thumbnail","hentry","category-livros","category-seguranca-publica-e-defesa"],"views":435,"_links":{"self":[{"href":"https:\/\/www.bibliotecadeseguranca.com.br\/fr\/wp-json\/wp\/v2\/posts\/11036","targetHints":{"allow":["GET"]}}],"collection":[{"href":"https:\/\/www.bibliotecadeseguranca.com.br\/fr\/wp-json\/wp\/v2\/posts"}],"about":[{"href":"https:\/\/www.bibliotecadeseguranca.com.br\/fr\/wp-json\/wp\/v2\/types\/post"}],"author":[{"embeddable":true,"href":"https:\/\/www.bibliotecadeseguranca.com.br\/fr\/wp-json\/wp\/v2\/users\/3"}],"replies":[{"embeddable":true,"href":"https:\/\/www.bibliotecadeseguranca.com.br\/fr\/wp-json\/wp\/v2\/comments?post=11036"}],"version-history":[{"count":1,"href":"https:\/\/www.bibliotecadeseguranca.com.br\/fr\/wp-json\/wp\/v2\/posts\/11036\/revisions"}],"predecessor-version":[{"id":11038,"href":"https:\/\/www.bibliotecadeseguranca.com.br\/fr\/wp-json\/wp\/v2\/posts\/11036\/revisions\/11038"}],"wp:featuredmedia":[{"embeddable":true,"href":"https:\/\/www.bibliotecadeseguranca.com.br\/fr\/wp-json\/wp\/v2\/media\/11037"}],"wp:attachment":[{"href":"https:\/\/www.bibliotecadeseguranca.com.br\/fr\/wp-json\/wp\/v2\/media?parent=11036"}],"wp:term":[{"taxonomy":"category","embeddable":true,"href":"https:\/\/www.bibliotecadeseguranca.com.br\/fr\/wp-json\/wp\/v2\/categories?post=11036"},{"taxonomy":"post_tag","embeddable":true,"href":"https:\/\/www.bibliotecadeseguranca.com.br\/fr\/wp-json\/wp\/v2\/tags?post=11036"}],"curies":[{"name":"wp","href":"https:\/\/api.w.org\/{rel}","templated":true}]}}