{"id":11008,"date":"2014-06-27T09:30:40","date_gmt":"2014-06-27T12:30:40","guid":{"rendered":"http:\/\/www.bibliotecadeseguranca.com.br\/fr\/?p=11008"},"modified":"2014-06-27T00:37:06","modified_gmt":"2014-06-27T03:37:06","slug":"trajetoria-e-evolucao-da-seguranca-empresarial","status":"publish","type":"post","link":"https:\/\/www.bibliotecadeseguranca.com.br\/fr\/livros\/trajetoria-e-evolucao-da-seguranca-empresarial\/","title":{"rendered":"Trajet\u00f3ria e Evolu\u00e7\u00e3o da Seguran\u00e7a Empresarial"},"content":{"rendered":"<p><span style=\"color: #003366;\"><strong><img loading=\"lazy\" decoding=\"async\" class=\"alignleft size-full wp-image-11009\" src=\"http:\/\/www.bibliotecadeseguranca.com.br\/fr\/wp-content\/uploads\/2014\/06\/trajetoria-e-evolucao-da-seguranca-empresarial.jpg\" alt=\"Trajet\u00f3ria e Evolu\u00e7\u00e3o da Seguran\u00e7a Empresarial\" width=\"145\" height=\"218\" srcset=\"https:\/\/www.bibliotecadeseguranca.com.br\/fr\/wp-content\/uploads\/2014\/06\/trajetoria-e-evolucao-da-seguranca-empresarial.jpg 145w, https:\/\/www.bibliotecadeseguranca.com.br\/fr\/wp-content\/uploads\/2014\/06\/trajetoria-e-evolucao-da-seguranca-empresarial-99x150.jpg 99w\" sizes=\"auto, (max-width: 145px) 100vw, 145px\" \/>Nino Ricardo Meireles, Vera L\u00facia dos Santos<\/strong><\/span><\/p>\n<p><span style=\"color: #003366;\"><strong>Editor Sicurezza<\/strong><\/span><\/p>\n<p><span style=\"color: #003366;\"><strong>Descripci\u00f3n:<\/strong><\/span> Este livro \u00e9 fruto do trabalho de pesquisa dos alunos da 1\u00aa turma em Gest\u00e3o Estrat\u00e9gica da Seguran\u00e7a Corporativa do Centro Universit\u00e1rio Est\u00e1cio da Bahia. V\u00e1rios temas relacionados \u00e0 \u00e1rea de seguran\u00e7a forma abordados, sempre com base na viv\u00eancia de cada autor.<br \/>\nA pesquisa orientada e o esfor\u00e7o de cada um foram pontos importantes para a qualidade dos trabalhos apresentados. Trabalhos desenvolvidos ao longo de 18 meses de atividades em sala de aula e de campo.<br \/>\nEste livro vem contribuir para o desenvolvimento do conhecimento na \u00e1rea da seguran\u00e7a corporativa e demonstra a amplia\u00e7\u00e3o da vida acad\u00eamica. Este \u00faltimo ponto, muito importante para a migra\u00e7\u00e3o da esfera emp\u00edrica para a esfera cient\u00edfica.Todos os autores est\u00e3o de parab\u00e9ns e espero que este trabalho sirva de inspira\u00e7\u00e3o para outros profissionais.<\/p>\n","protected":false},"excerpt":{"rendered":"<p>Nino Ricardo Meireles, Vera L\u00facia dos Santos Editor Sicurezza Descripci\u00f3n: Este livro \u00e9 fruto do trabalho de pesquisa dos alunos da 1\u00aa turma em Gest\u00e3o Estrat\u00e9gica da Seguran\u00e7a Corporativa do Centro Universit\u00e1rio Est\u00e1cio da Bahia. V\u00e1rios temas relacionados \u00e0 \u00e1rea de seguran\u00e7a forma abordados, sempre com base na viv\u00eancia de cada autor. A pesquisa orientada e o esfor\u00e7o de cada um foram pontos importantes para a qualidade dos trabalhos apresentados.&hellip; <\/p>\n","protected":false},"author":3,"featured_media":11009,"comment_status":"open","ping_status":"closed","sticky":false,"template":"","format":"standard","meta":{"footnotes":""},"categories":[14,23,6,19],"tags":[],"class_list":["post-11008","post","type-post","status-publish","format-standard","has-post-thumbnail","hentry","category-administracao-e-estrategia-empresarial","category-gestao-da-seguranca-empresarial","category-livros","category-risco-e-perdas"],"views":363,"_links":{"self":[{"href":"https:\/\/www.bibliotecadeseguranca.com.br\/fr\/wp-json\/wp\/v2\/posts\/11008","targetHints":{"allow":["GET"]}}],"collection":[{"href":"https:\/\/www.bibliotecadeseguranca.com.br\/fr\/wp-json\/wp\/v2\/posts"}],"about":[{"href":"https:\/\/www.bibliotecadeseguranca.com.br\/fr\/wp-json\/wp\/v2\/types\/post"}],"author":[{"embeddable":true,"href":"https:\/\/www.bibliotecadeseguranca.com.br\/fr\/wp-json\/wp\/v2\/users\/3"}],"replies":[{"embeddable":true,"href":"https:\/\/www.bibliotecadeseguranca.com.br\/fr\/wp-json\/wp\/v2\/comments?post=11008"}],"version-history":[{"count":1,"href":"https:\/\/www.bibliotecadeseguranca.com.br\/fr\/wp-json\/wp\/v2\/posts\/11008\/revisions"}],"predecessor-version":[{"id":11010,"href":"https:\/\/www.bibliotecadeseguranca.com.br\/fr\/wp-json\/wp\/v2\/posts\/11008\/revisions\/11010"}],"wp:featuredmedia":[{"embeddable":true,"href":"https:\/\/www.bibliotecadeseguranca.com.br\/fr\/wp-json\/wp\/v2\/media\/11009"}],"wp:attachment":[{"href":"https:\/\/www.bibliotecadeseguranca.com.br\/fr\/wp-json\/wp\/v2\/media?parent=11008"}],"wp:term":[{"taxonomy":"category","embeddable":true,"href":"https:\/\/www.bibliotecadeseguranca.com.br\/fr\/wp-json\/wp\/v2\/categories?post=11008"},{"taxonomy":"post_tag","embeddable":true,"href":"https:\/\/www.bibliotecadeseguranca.com.br\/fr\/wp-json\/wp\/v2\/tags?post=11008"}],"curies":[{"name":"wp","href":"https:\/\/api.w.org\/{rel}","templated":true}]}}