{"id":10950,"date":"2014-06-13T09:30:38","date_gmt":"2014-06-13T12:30:38","guid":{"rendered":"http:\/\/www.bibliotecadeseguranca.com.br\/fr\/?p=10950"},"modified":"2014-06-11T16:08:33","modified_gmt":"2014-06-11T19:08:33","slug":"comando-verde","status":"publish","type":"post","link":"https:\/\/www.bibliotecadeseguranca.com.br\/fr\/livros\/comando-verde\/","title":{"rendered":"Comando Verde"},"content":{"rendered":"<p><span style=\"color: #003366;\"><strong><img loading=\"lazy\" decoding=\"async\" class=\"alignleft size-full wp-image-10951\" src=\"http:\/\/www.bibliotecadeseguranca.com.br\/fr\/wp-content\/uploads\/2014\/06\/comando-verde.jpg\" alt=\"Comando Verde\" width=\"145\" height=\"209\" srcset=\"https:\/\/www.bibliotecadeseguranca.com.br\/fr\/wp-content\/uploads\/2014\/06\/comando-verde.jpg 145w, https:\/\/www.bibliotecadeseguranca.com.br\/fr\/wp-content\/uploads\/2014\/06\/comando-verde-104x150.jpg 104w\" sizes=\"auto, (max-width: 145px) 100vw, 145px\" \/>Marcos Ommati, Fernando Montenegro<\/strong><\/span><\/p>\n<p><span style=\"color: #003366;\"><strong>Editor Reino Editorial<\/strong><\/span><\/p>\n<p><span style=\"color: #003366;\"><strong>Descripci\u00f3n<\/strong><\/span>: Poucos dias antes da invas\u00e3o dos Complexos da Penha e do Alem\u00e3o, o tenente do Ex\u00e9rcito Brasileiro Maur\u00edcio Gavi\u00e3o descobre que seu melhor amigo, um jornalista que investigava a origem dos ataques do Comando Vermelho no Rio, caiu ref\u00e9m de bandidos que atuam naquela regi\u00e3o. Gavi\u00e3o decide, ent\u00e3o, reunir um grupo de militares experientes para tentar resgatar o amigo. A empreitada \u00e9 desastrosa. No entanto, \u00e9 nesta a\u00e7\u00e3o que o tenente se apaixona por uma das principais l\u00edderes do tr\u00e1fico do Complexo da Penha. A atra\u00e7\u00e3o proibida entre os dois serve apenas de pano de fundo para uma hist\u00f3ria cheia de tramas paralelas, que v\u00e3o se desenvolvendo \u00e0 medida em que detalhes verdadeiros, nunca antes publicados, da invas\u00e3o e posterior ocupa\u00e7\u00e3o destas favelas s\u00e3o expostos de maneira simples e direta. Comando Verde foi escrito como se fora um roteiro de cinema a quatro m\u00e3os por um jornalista com vasta experi\u00eancia no setor de seguran\u00e7a nacional e internacional e um coronel do Ex\u00e9rcito Brasileiro. O coronel foi uma das pe\u00e7as-chave da Opera\u00e7\u00e3o Arcanjo de pacifica\u00e7\u00e3o e coletou dados durante os seis meses em que viveu no morro. Com muito humor e recheado de intrigas, trai\u00e7\u00f5es e sexo, o livro prende a aten\u00e7\u00e3o do leitor do in\u00edcio ao fim.<\/p>\n","protected":false},"excerpt":{"rendered":"<p>Marcos Ommati, Fernando Montenegro Editor Reino Editorial Descripci\u00f3n: Poucos dias antes da invas\u00e3o dos Complexos da Penha e do Alem\u00e3o, o tenente do Ex\u00e9rcito Brasileiro Maur\u00edcio Gavi\u00e3o descobre que seu melhor amigo, um jornalista que investigava a origem dos ataques do Comando Vermelho no Rio, caiu ref\u00e9m de bandidos que atuam naquela regi\u00e3o. Gavi\u00e3o decide, ent\u00e3o, reunir um grupo de militares experientes para tentar resgatar o amigo. A empreitada \u00e9&hellip; <\/p>\n","protected":false},"author":3,"featured_media":10951,"comment_status":"open","ping_status":"closed","sticky":false,"template":"","format":"standard","meta":{"footnotes":""},"categories":[6,25],"tags":[],"class_list":["post-10950","post","type-post","status-publish","format-standard","has-post-thumbnail","hentry","category-livros","category-seguranca-publica-e-defesa"],"views":553,"_links":{"self":[{"href":"https:\/\/www.bibliotecadeseguranca.com.br\/fr\/wp-json\/wp\/v2\/posts\/10950","targetHints":{"allow":["GET"]}}],"collection":[{"href":"https:\/\/www.bibliotecadeseguranca.com.br\/fr\/wp-json\/wp\/v2\/posts"}],"about":[{"href":"https:\/\/www.bibliotecadeseguranca.com.br\/fr\/wp-json\/wp\/v2\/types\/post"}],"author":[{"embeddable":true,"href":"https:\/\/www.bibliotecadeseguranca.com.br\/fr\/wp-json\/wp\/v2\/users\/3"}],"replies":[{"embeddable":true,"href":"https:\/\/www.bibliotecadeseguranca.com.br\/fr\/wp-json\/wp\/v2\/comments?post=10950"}],"version-history":[{"count":1,"href":"https:\/\/www.bibliotecadeseguranca.com.br\/fr\/wp-json\/wp\/v2\/posts\/10950\/revisions"}],"predecessor-version":[{"id":10952,"href":"https:\/\/www.bibliotecadeseguranca.com.br\/fr\/wp-json\/wp\/v2\/posts\/10950\/revisions\/10952"}],"wp:featuredmedia":[{"embeddable":true,"href":"https:\/\/www.bibliotecadeseguranca.com.br\/fr\/wp-json\/wp\/v2\/media\/10951"}],"wp:attachment":[{"href":"https:\/\/www.bibliotecadeseguranca.com.br\/fr\/wp-json\/wp\/v2\/media?parent=10950"}],"wp:term":[{"taxonomy":"category","embeddable":true,"href":"https:\/\/www.bibliotecadeseguranca.com.br\/fr\/wp-json\/wp\/v2\/categories?post=10950"},{"taxonomy":"post_tag","embeddable":true,"href":"https:\/\/www.bibliotecadeseguranca.com.br\/fr\/wp-json\/wp\/v2\/tags?post=10950"}],"curies":[{"name":"wp","href":"https:\/\/api.w.org\/{rel}","templated":true}]}}