{"id":10941,"date":"2014-06-10T09:30:16","date_gmt":"2014-06-10T12:30:16","guid":{"rendered":"http:\/\/www.bibliotecadeseguranca.com.br\/fr\/?p=10941"},"modified":"2014-11-11T20:20:10","modified_gmt":"2014-11-11T23:20:10","slug":"servicos-secretos-e-democracia-no-cone-sul","status":"publish","type":"post","link":"https:\/\/www.bibliotecadeseguranca.com.br\/fr\/livros\/servicos-secretos-e-democracia-no-cone-sul\/","title":{"rendered":"Servi\u00e7os Secretos e Democracia no Cone Sul"},"content":{"rendered":"<p><span style=\"color: #003366;\"><strong><img loading=\"lazy\" decoding=\"async\" class=\"alignleft size-full wp-image-10942\" src=\"http:\/\/www.bibliotecadeseguranca.com.br\/fr\/wp-content\/uploads\/2014\/06\/servicos-secretos-e-democracia-no-cone-sul.jpg\" alt=\"Servi\u00e7os Secretos e Democracia no Cone Sul\" width=\"145\" height=\"213\" srcset=\"https:\/\/www.bibliotecadeseguranca.com.br\/fr\/wp-content\/uploads\/2014\/06\/servicos-secretos-e-democracia-no-cone-sul.jpg 145w, https:\/\/www.bibliotecadeseguranca.com.br\/fr\/wp-content\/uploads\/2014\/06\/servicos-secretos-e-democracia-no-cone-sul-102x150.jpg 102w\" sizes=\"auto, (max-width: 145px) 100vw, 145px\" \/>Priscila Carlos Brand\u00e3o<\/strong><\/span><\/p>\n<p><span style=\"color: #003366;\"><strong>Editor Impetus<\/strong><\/span><\/p>\n<p><span style=\"color: #003366;\"><strong>Descripci\u00f3n:<\/strong><\/span> De modo geral, os Servi\u00e7os de Intelig\u00eancia t\u00eam sido objeto constante de pesquisas acad\u00eamicas, cursos de capacita\u00e7\u00e3o, cursos de especializa\u00e7\u00e3o, semin\u00e1rios e reportagens. Nesse contexto, surge a S\u00e9rie Intelig\u00eancia, Seguran\u00e7a e Direito, que traz a lume as quest\u00f5es que envolvem esses servi\u00e7os, visando suprir as lacunas criadas pela aus\u00eancia de bibliografia que versa sobre o assunto.<\/p>\n<p>Consolidando a S\u00e9rie, \u00e9 publicado o livro Servi\u00e7os Secretos e Democracia no Cone Sul &#8211; premissas para uma conviv\u00eancia leg\u00edtima, eficiente e profissional, no qual a autora lan\u00e7a olhar cr\u00edtico sobre o processo de reelabora\u00e7\u00e3o das ag\u00eancias nacionais de informa\u00e7\u00f5es\/intelig\u00eancias civis na Argentina, no Brasil e no Chile. Para essa an\u00e1lise, a autora se apoia em duas prerrogativas-chave &#8211; a cont\u00ednua transforma\u00e7\u00e3o do cen\u00e1rio pol\u00edtico internacional que se deu desde o fim da Guerra Fria at\u00e9 os atentados de 11 de setembro de 2001 e de que forma as transi\u00e7\u00f5es para o regime democr\u00e1tico afetaram o processo de redesenho institucional dessas ag\u00eancias.<\/p>\n","protected":false},"excerpt":{"rendered":"<p>Priscila Carlos Brand\u00e3o Editor Impetus Descripci\u00f3n: De modo geral, os Servi\u00e7os de Intelig\u00eancia t\u00eam sido objeto constante de pesquisas acad\u00eamicas, cursos de capacita\u00e7\u00e3o, cursos de especializa\u00e7\u00e3o, semin\u00e1rios e reportagens. Nesse contexto, surge a S\u00e9rie Intelig\u00eancia, Seguran\u00e7a e Direito, que traz a lume as quest\u00f5es que envolvem esses servi\u00e7os, visando suprir as lacunas criadas pela aus\u00eancia de bibliografia que versa sobre o assunto. Consolidando a S\u00e9rie, \u00e9 publicado o livro Servi\u00e7os&hellip; <\/p>\n","protected":false},"author":3,"featured_media":10942,"comment_status":"open","ping_status":"closed","sticky":false,"template":"","format":"standard","meta":{"footnotes":""},"categories":[30,6,25],"tags":[],"class_list":["post-10941","post","type-post","status-publish","format-standard","has-post-thumbnail","hentry","category-espionagem-e-inteligencia-competitiva","category-livros","category-seguranca-publica-e-defesa"],"views":212,"_links":{"self":[{"href":"https:\/\/www.bibliotecadeseguranca.com.br\/fr\/wp-json\/wp\/v2\/posts\/10941","targetHints":{"allow":["GET"]}}],"collection":[{"href":"https:\/\/www.bibliotecadeseguranca.com.br\/fr\/wp-json\/wp\/v2\/posts"}],"about":[{"href":"https:\/\/www.bibliotecadeseguranca.com.br\/fr\/wp-json\/wp\/v2\/types\/post"}],"author":[{"embeddable":true,"href":"https:\/\/www.bibliotecadeseguranca.com.br\/fr\/wp-json\/wp\/v2\/users\/3"}],"replies":[{"embeddable":true,"href":"https:\/\/www.bibliotecadeseguranca.com.br\/fr\/wp-json\/wp\/v2\/comments?post=10941"}],"version-history":[{"count":1,"href":"https:\/\/www.bibliotecadeseguranca.com.br\/fr\/wp-json\/wp\/v2\/posts\/10941\/revisions"}],"predecessor-version":[{"id":10943,"href":"https:\/\/www.bibliotecadeseguranca.com.br\/fr\/wp-json\/wp\/v2\/posts\/10941\/revisions\/10943"}],"wp:featuredmedia":[{"embeddable":true,"href":"https:\/\/www.bibliotecadeseguranca.com.br\/fr\/wp-json\/wp\/v2\/media\/10942"}],"wp:attachment":[{"href":"https:\/\/www.bibliotecadeseguranca.com.br\/fr\/wp-json\/wp\/v2\/media?parent=10941"}],"wp:term":[{"taxonomy":"category","embeddable":true,"href":"https:\/\/www.bibliotecadeseguranca.com.br\/fr\/wp-json\/wp\/v2\/categories?post=10941"},{"taxonomy":"post_tag","embeddable":true,"href":"https:\/\/www.bibliotecadeseguranca.com.br\/fr\/wp-json\/wp\/v2\/tags?post=10941"}],"curies":[{"name":"wp","href":"https:\/\/api.w.org\/{rel}","templated":true}]}}