{"id":10882,"date":"2014-05-28T09:39:44","date_gmt":"2014-05-28T12:39:44","guid":{"rendered":"http:\/\/www.bibliotecadeseguranca.com.br\/fr\/?p=10882"},"modified":"2014-05-28T09:39:44","modified_gmt":"2014-05-28T12:39:44","slug":"organiser-la-gestion-des-risques","status":"publish","type":"post","link":"https:\/\/www.bibliotecadeseguranca.com.br\/fr\/livros\/organiser-la-gestion-des-risques\/","title":{"rendered":"Organiser la Gestion des Risques"},"content":{"rendered":"<p><span style=\"color: #003366;\"><strong><img loading=\"lazy\" decoding=\"async\" class=\"alignleft size-full wp-image-10883\" src=\"http:\/\/www.bibliotecadeseguranca.com.br\/fr\/wp-content\/uploads\/2014\/05\/organiser-la-gestion-des-risques.jpg\" alt=\"Organiser la Gestion des Risques\" width=\"145\" height=\"224\" srcset=\"https:\/\/www.bibliotecadeseguranca.com.br\/fr\/wp-content\/uploads\/2014\/05\/organiser-la-gestion-des-risques.jpg 145w, https:\/\/www.bibliotecadeseguranca.com.br\/fr\/wp-content\/uploads\/2014\/05\/organiser-la-gestion-des-risques-97x150.jpg 97w\" sizes=\"auto, (max-width: 145px) 100vw, 145px\" \/>Marc Moulaire<\/strong><\/span><\/p>\n<p><span style=\"color: #003366;\"><strong>Editor ESF<\/strong><\/span><\/p>\n<p><span style=\"color: #003366;\"><strong>Descripci\u00f3n:<\/strong><\/span> Les risques, indissociables de toute activit\u00e9 humaine, sont particuli\u00e8rement pr\u00e9sents dans les structures sociales et m\u00e9dico-sociales prenant en charge un public vuln\u00e9rable. L&#8217;\u00e9volution vers une tol\u00e9rance z\u00e9ro avec une r\u00e9glementation plus exigeante, une judiciarisation et une m\u00e9diatisation des accidents ainsi que les obligations de s\u00e9curit\u00e9 dans le cadre des prochaines \u00e9valuations externes des activit\u00e9s et de la qualit\u00e9 des prestations d\u00e9livr\u00e9es, obligent les responsables des institutions \u00e0 organiser la gestion des risques. Cet ouvrage propose une m\u00e9thode et des outils pratiques pour vous accompagner dans la mise en \u0153uvre d&#8217;une v\u00e9ritable politique de gestion des risques dans votre \u00e9tablissement. Il pr\u00e9sente : les notions et principes de base, les enjeux propres au secteur et la r\u00e9glementation applicable dans un langage clair ; une d\u00e9marche structur\u00e9e et des outils pr\u00eats \u00e0 l&#8217;emploi pour faciliter l&#8217;adoption d&#8217;un plan de pr\u00e9vention des risques ainsi que pour g\u00e9rer les situations de crise et d&#8217;urgence. Ce livre offre aux directeurs et cadres du secteur social et m\u00e9dico-social les connaissances indispensables et les outils n\u00e9cessaires ainsi que des conseils concrets pour mettre en place une politique ma\u00eetris\u00e9e des risques en conformit\u00e9 avec les obligations l\u00e9gales.<\/p>\n","protected":false},"excerpt":{"rendered":"<p>Marc Moulaire Editor ESF Descripci\u00f3n: Les risques, indissociables de toute activit\u00e9 humaine, sont particuli\u00e8rement pr\u00e9sents dans les structures sociales et m\u00e9dico-sociales prenant en charge un public vuln\u00e9rable. L&#8217;\u00e9volution vers une tol\u00e9rance z\u00e9ro avec une r\u00e9glementation plus exigeante, une judiciarisation et une m\u00e9diatisation des accidents ainsi que les obligations de s\u00e9curit\u00e9 dans le cadre des prochaines \u00e9valuations externes des activit\u00e9s et de la qualit\u00e9 des prestations d\u00e9livr\u00e9es, obligent les responsables des&hellip; <\/p>\n","protected":false},"author":3,"featured_media":10883,"comment_status":"open","ping_status":"closed","sticky":false,"template":"","format":"standard","meta":{"footnotes":""},"categories":[6,19],"tags":[],"class_list":["post-10882","post","type-post","status-publish","format-standard","has-post-thumbnail","hentry","category-livros","category-risco-e-perdas"],"views":248,"_links":{"self":[{"href":"https:\/\/www.bibliotecadeseguranca.com.br\/fr\/wp-json\/wp\/v2\/posts\/10882","targetHints":{"allow":["GET"]}}],"collection":[{"href":"https:\/\/www.bibliotecadeseguranca.com.br\/fr\/wp-json\/wp\/v2\/posts"}],"about":[{"href":"https:\/\/www.bibliotecadeseguranca.com.br\/fr\/wp-json\/wp\/v2\/types\/post"}],"author":[{"embeddable":true,"href":"https:\/\/www.bibliotecadeseguranca.com.br\/fr\/wp-json\/wp\/v2\/users\/3"}],"replies":[{"embeddable":true,"href":"https:\/\/www.bibliotecadeseguranca.com.br\/fr\/wp-json\/wp\/v2\/comments?post=10882"}],"version-history":[{"count":1,"href":"https:\/\/www.bibliotecadeseguranca.com.br\/fr\/wp-json\/wp\/v2\/posts\/10882\/revisions"}],"predecessor-version":[{"id":10884,"href":"https:\/\/www.bibliotecadeseguranca.com.br\/fr\/wp-json\/wp\/v2\/posts\/10882\/revisions\/10884"}],"wp:featuredmedia":[{"embeddable":true,"href":"https:\/\/www.bibliotecadeseguranca.com.br\/fr\/wp-json\/wp\/v2\/media\/10883"}],"wp:attachment":[{"href":"https:\/\/www.bibliotecadeseguranca.com.br\/fr\/wp-json\/wp\/v2\/media?parent=10882"}],"wp:term":[{"taxonomy":"category","embeddable":true,"href":"https:\/\/www.bibliotecadeseguranca.com.br\/fr\/wp-json\/wp\/v2\/categories?post=10882"},{"taxonomy":"post_tag","embeddable":true,"href":"https:\/\/www.bibliotecadeseguranca.com.br\/fr\/wp-json\/wp\/v2\/tags?post=10882"}],"curies":[{"name":"wp","href":"https:\/\/api.w.org\/{rel}","templated":true}]}}