{"id":10858,"date":"2014-05-23T09:47:34","date_gmt":"2014-05-23T12:47:34","guid":{"rendered":"http:\/\/www.bibliotecadeseguranca.com.br\/fr\/?p=10858"},"modified":"2014-05-23T09:47:34","modified_gmt":"2014-05-23T12:47:34","slug":"redes-sociais-e-organizacionais-em-administracao","status":"publish","type":"post","link":"https:\/\/www.bibliotecadeseguranca.com.br\/fr\/livros\/redes-sociais-e-organizacionais-em-administracao\/","title":{"rendered":"Redes Sociais e Organizacionais em Administra\u00e7\u00e3o"},"content":{"rendered":"<p><span style=\"color: #003366;\"><strong><img loading=\"lazy\" decoding=\"async\" class=\"alignleft size-full wp-image-10859\" src=\"http:\/\/www.bibliotecadeseguranca.com.br\/fr\/wp-content\/uploads\/2014\/05\/redes-sociais-e-organizacionais-em-administracao.jpg\" alt=\"Redes Sociais e Organizacionais em Administra\u00e7\u00e3o\" width=\"145\" height=\"204\" srcset=\"https:\/\/www.bibliotecadeseguranca.com.br\/fr\/wp-content\/uploads\/2014\/05\/redes-sociais-e-organizacionais-em-administracao.jpg 145w, https:\/\/www.bibliotecadeseguranca.com.br\/fr\/wp-content\/uploads\/2014\/05\/redes-sociais-e-organizacionais-em-administracao-106x150.jpg 106w\" sizes=\"auto, (max-width: 145px) 100vw, 145px\" \/>June A. W. Cruz, Tom\u00e1s S. Martins, Paulo Ot\u00e1vio M. Augusto<\/strong><\/span><\/p>\n<p><span style=\"color: #003366;\"><strong>Editor Juru\u00e1<\/strong><\/span><\/p>\n<p><span style=\"color: #003366;\"><strong>Descripci\u00f3n:<\/strong><\/span> A tem\u00e1tica das redes sociais e organizacionais j\u00e1 \u00e9 cl\u00e1ssica em ci\u00eancias sociais. O que ocorre, neste momento, principalmente no contexto acad\u00eamico da Administra\u00e7\u00e3o e no Brasil, \u00e9 a busca por metodologias e teorias rigorosas para a explica\u00e7\u00e3o do impacto das rela\u00e7\u00f5es sociais sobre processos que se relacionam causalmente tanto com a capacidade de ag\u00eancia individual quanto com estruturas sociais.<\/p>\n<p>O conceito de redes aparece como chave cognitiva privilegiada na compreens\u00e3o das mudan\u00e7as de grande magnitude que ocorrem nas esferas pol\u00edticas, econ\u00f4micas e sociais.<\/p>\n<p>Este livro pretende contribuir com a constru\u00e7\u00e3o do conhecimento em redes sob o foco da administra\u00e7\u00e3o. Os cap\u00edtulos foram organizados de forma a proporcionar o pleno entendimento do contexto geral de redes, estabelecendo uma rica constru\u00e7\u00e3o bibliogr\u00e1fica e uma vasta gama de m\u00e9todos de pesquisa aplicados \u00e0 tem\u00e1tica.<\/p>\n","protected":false},"excerpt":{"rendered":"<p>June A. W. Cruz, Tom\u00e1s S. Martins, Paulo Ot\u00e1vio M. Augusto Editor Juru\u00e1 Descripci\u00f3n: A tem\u00e1tica das redes sociais e organizacionais j\u00e1 \u00e9 cl\u00e1ssica em ci\u00eancias sociais. O que ocorre, neste momento, principalmente no contexto acad\u00eamico da Administra\u00e7\u00e3o e no Brasil, \u00e9 a busca por metodologias e teorias rigorosas para a explica\u00e7\u00e3o do impacto das rela\u00e7\u00f5es sociais sobre processos que se relacionam causalmente tanto com a capacidade de ag\u00eancia individual&hellip; <\/p>\n","protected":false},"author":3,"featured_media":10859,"comment_status":"open","ping_status":"closed","sticky":false,"template":"","format":"standard","meta":{"footnotes":""},"categories":[14,30,6],"tags":[],"class_list":["post-10858","post","type-post","status-publish","format-standard","has-post-thumbnail","hentry","category-administracao-e-estrategia-empresarial","category-espionagem-e-inteligencia-competitiva","category-livros"],"views":254,"_links":{"self":[{"href":"https:\/\/www.bibliotecadeseguranca.com.br\/fr\/wp-json\/wp\/v2\/posts\/10858","targetHints":{"allow":["GET"]}}],"collection":[{"href":"https:\/\/www.bibliotecadeseguranca.com.br\/fr\/wp-json\/wp\/v2\/posts"}],"about":[{"href":"https:\/\/www.bibliotecadeseguranca.com.br\/fr\/wp-json\/wp\/v2\/types\/post"}],"author":[{"embeddable":true,"href":"https:\/\/www.bibliotecadeseguranca.com.br\/fr\/wp-json\/wp\/v2\/users\/3"}],"replies":[{"embeddable":true,"href":"https:\/\/www.bibliotecadeseguranca.com.br\/fr\/wp-json\/wp\/v2\/comments?post=10858"}],"version-history":[{"count":1,"href":"https:\/\/www.bibliotecadeseguranca.com.br\/fr\/wp-json\/wp\/v2\/posts\/10858\/revisions"}],"predecessor-version":[{"id":10860,"href":"https:\/\/www.bibliotecadeseguranca.com.br\/fr\/wp-json\/wp\/v2\/posts\/10858\/revisions\/10860"}],"wp:featuredmedia":[{"embeddable":true,"href":"https:\/\/www.bibliotecadeseguranca.com.br\/fr\/wp-json\/wp\/v2\/media\/10859"}],"wp:attachment":[{"href":"https:\/\/www.bibliotecadeseguranca.com.br\/fr\/wp-json\/wp\/v2\/media?parent=10858"}],"wp:term":[{"taxonomy":"category","embeddable":true,"href":"https:\/\/www.bibliotecadeseguranca.com.br\/fr\/wp-json\/wp\/v2\/categories?post=10858"},{"taxonomy":"post_tag","embeddable":true,"href":"https:\/\/www.bibliotecadeseguranca.com.br\/fr\/wp-json\/wp\/v2\/tags?post=10858"}],"curies":[{"name":"wp","href":"https:\/\/api.w.org\/{rel}","templated":true}]}}