{"id":10706,"date":"2014-05-02T09:30:15","date_gmt":"2014-05-02T12:30:15","guid":{"rendered":"http:\/\/www.bibliotecadeseguranca.com.br\/fr\/?p=10706"},"modified":"2014-05-02T09:26:01","modified_gmt":"2014-05-02T12:26:01","slug":"gestao-estrategica-conceitos-e-casos","status":"publish","type":"post","link":"https:\/\/www.bibliotecadeseguranca.com.br\/fr\/livros\/gestao-estrategica-conceitos-e-casos\/","title":{"rendered":"Gest\u00e3o Estrat\u00e9gica: Conceitos e Casos"},"content":{"rendered":"<p><span style=\"color: #003366;\"><strong><img loading=\"lazy\" decoding=\"async\" class=\"alignleft size-full wp-image-10707\" src=\"http:\/\/www.bibliotecadeseguranca.com.br\/fr\/wp-content\/uploads\/2014\/05\/gestao-estrategica-conceitos-e-casos.jpg\" alt=\"Gest\u00e3o Estrat\u00e9gica: Conceitos e Casos\" width=\"145\" height=\"205\" srcset=\"https:\/\/www.bibliotecadeseguranca.com.br\/fr\/wp-content\/uploads\/2014\/05\/gestao-estrategica-conceitos-e-casos.jpg 145w, https:\/\/www.bibliotecadeseguranca.com.br\/fr\/wp-content\/uploads\/2014\/05\/gestao-estrategica-conceitos-e-casos-106x150.jpg 106w\" sizes=\"auto, (max-width: 145px) 100vw, 145px\" \/>Alexandre Pavan Torres, Maria Candida Torres, Fernando Ribeiro Serra e Manuel Portugal Ferreira<\/strong><\/span><\/p>\n<p><span style=\"color: #003366;\"><strong>Editor Atlas<\/strong><\/span><\/p>\n<p><span style=\"color: #003366;\"><strong>Descripci\u00f3n:<\/strong><\/span> A din\u00e2mica de mercado, com crescente competi\u00e7\u00e3o nacional e internacional, e o foco excessivo no curto prazo, s\u00e3o press\u00f5es importantes sobre executivos e empresas. Voltar a pensar estrategicamente, estabelecendo um compromisso entre o curto prazo e o longo prazo, entre as opera\u00e7\u00f5es e os investimentos futuros, \u00e9 uma necessidade premente para as empresas.<\/p>\n<p>Aos executivos, nos diversos n\u00edveis, exige-se que compreendam o real significado das alternativas estrat\u00e9gicas, incluindo a que \u00e9 definida para a sua empresa, e sua rela\u00e7\u00e3o com o ambiente externo e interno da organiza\u00e7\u00e3o. Isso significa que os executivos precisam entender o ambiente externo e interno para eficazmente pensar e planejar as estrat\u00e9gias de neg\u00f3cio, as funcionais, as corporativas e as para os mercados internacionais. S\u00f3 assim poder\u00e3o se concentrar em sua principal tarefa do dia a dia: garantir que a estrat\u00e9gia aconte\u00e7a num ciclo de formula\u00e7\u00e3o, implementa\u00e7\u00e3o, controle e adapta\u00e7\u00e3o.<\/p>\n<p>Compreender os conceitos relacionados com a estrat\u00e9gia e como utiliz\u00e1-los efetivamente n\u00e3o \u00e9 uma tarefa f\u00e1cil para estudantes e executivos. Neste livro, os autores se prop\u00f5em a ajudar a resolver esta dificuldade ao aliar os conceitos com a pr\u00e1tica da gest\u00e3o estrat\u00e9gica. O livro foi escrito com um escopo amplo que permite servir para cursos de gradua\u00e7\u00e3o e p\u00f3s-gradua\u00e7\u00e3o lato sensu, como base de leitura de alunos de mestrado. O principal aspecto de diferencia\u00e7\u00e3o do livro est\u00e1 na integra\u00e7\u00e3o da teoria com in\u00fameros exemplos e estudos de caso de empresas conhecidas brasileiras, portuguesas e outras multinacionais europeias e americanas.<\/p>\n<p>A vasta experi\u00eancia acad\u00eamica e de mercado dos autores permitiu construir um texto academicamente s\u00f3lido para estudantes e, simultaneamente, ajustado \u00e0 realidade pr\u00e1tica dos executivos. Seja qual for a dimens\u00e3o da empresa, esta obra ajudar\u00e1 a pensar e a gerir estrategicamente a empresa n\u00e3o para apenas maximizar lucros de curto prazo, mas antes para conseguir sustentabilidade de longo prazo.<\/p>\n<p>Obra recomendada para engenheiros, arquitetos, gestores executivos em geral e profissionais das \u00e1reas de gest\u00e3o e planejamento estrat\u00e9gico. Leitura complementar para as disciplinas Estrat\u00e9gia e Planejamento Estrat\u00e9gico e Gest\u00e3o Estrat\u00e9gica dos cursos de gradua\u00e7\u00e3o e de p\u00f3s-gradua\u00e7\u00e3o em Administra\u00e7\u00e3o.<\/p>\n","protected":false},"excerpt":{"rendered":"<p>Alexandre Pavan Torres, Maria Candida Torres, Fernando Ribeiro Serra e Manuel Portugal Ferreira Editor Atlas Descripci\u00f3n: A din\u00e2mica de mercado, com crescente competi\u00e7\u00e3o nacional e internacional, e o foco excessivo no curto prazo, s\u00e3o press\u00f5es importantes sobre executivos e empresas. Voltar a pensar estrategicamente, estabelecendo um compromisso entre o curto prazo e o longo prazo, entre as opera\u00e7\u00f5es e os investimentos futuros, \u00e9 uma necessidade premente para as empresas. Aos&hellip; <\/p>\n","protected":false},"author":3,"featured_media":10707,"comment_status":"open","ping_status":"closed","sticky":false,"template":"","format":"standard","meta":{"footnotes":""},"categories":[14,6],"tags":[],"class_list":["post-10706","post","type-post","status-publish","format-standard","has-post-thumbnail","hentry","category-administracao-e-estrategia-empresarial","category-livros"],"views":349,"_links":{"self":[{"href":"https:\/\/www.bibliotecadeseguranca.com.br\/fr\/wp-json\/wp\/v2\/posts\/10706","targetHints":{"allow":["GET"]}}],"collection":[{"href":"https:\/\/www.bibliotecadeseguranca.com.br\/fr\/wp-json\/wp\/v2\/posts"}],"about":[{"href":"https:\/\/www.bibliotecadeseguranca.com.br\/fr\/wp-json\/wp\/v2\/types\/post"}],"author":[{"embeddable":true,"href":"https:\/\/www.bibliotecadeseguranca.com.br\/fr\/wp-json\/wp\/v2\/users\/3"}],"replies":[{"embeddable":true,"href":"https:\/\/www.bibliotecadeseguranca.com.br\/fr\/wp-json\/wp\/v2\/comments?post=10706"}],"version-history":[{"count":1,"href":"https:\/\/www.bibliotecadeseguranca.com.br\/fr\/wp-json\/wp\/v2\/posts\/10706\/revisions"}],"predecessor-version":[{"id":10708,"href":"https:\/\/www.bibliotecadeseguranca.com.br\/fr\/wp-json\/wp\/v2\/posts\/10706\/revisions\/10708"}],"wp:featuredmedia":[{"embeddable":true,"href":"https:\/\/www.bibliotecadeseguranca.com.br\/fr\/wp-json\/wp\/v2\/media\/10707"}],"wp:attachment":[{"href":"https:\/\/www.bibliotecadeseguranca.com.br\/fr\/wp-json\/wp\/v2\/media?parent=10706"}],"wp:term":[{"taxonomy":"category","embeddable":true,"href":"https:\/\/www.bibliotecadeseguranca.com.br\/fr\/wp-json\/wp\/v2\/categories?post=10706"},{"taxonomy":"post_tag","embeddable":true,"href":"https:\/\/www.bibliotecadeseguranca.com.br\/fr\/wp-json\/wp\/v2\/tags?post=10706"}],"curies":[{"name":"wp","href":"https:\/\/api.w.org\/{rel}","templated":true}]}}