{"id":10691,"date":"2014-04-28T10:01:45","date_gmt":"2014-04-28T13:01:45","guid":{"rendered":"http:\/\/www.bibliotecadeseguranca.com.br\/fr\/?p=10691"},"modified":"2014-04-28T10:01:45","modified_gmt":"2014-04-28T13:01:45","slug":"perspectivas-da-administracao-em-seguranca-publica-no-brasil","status":"publish","type":"post","link":"https:\/\/www.bibliotecadeseguranca.com.br\/fr\/livros\/perspectivas-da-administracao-em-seguranca-publica-no-brasil\/","title":{"rendered":"Perspectivas da Administra\u00e7\u00e3o em Seguran\u00e7a P\u00fablica no Brasil"},"content":{"rendered":"<p><span style=\"color: #003366;\"><strong><img loading=\"lazy\" decoding=\"async\" class=\"alignleft size-full wp-image-10692\" src=\"http:\/\/www.bibliotecadeseguranca.com.br\/fr\/wp-content\/uploads\/2014\/04\/perspectivas-da-administracao-em-seguranca-publica-no-brasil.jpg\" alt=\"Perspectivas da Administra\u00e7\u00e3o em Seguran\u00e7a P\u00fablica no Brasil\" width=\"145\" height=\"217\" srcset=\"https:\/\/www.bibliotecadeseguranca.com.br\/fr\/wp-content\/uploads\/2014\/04\/perspectivas-da-administracao-em-seguranca-publica-no-brasil.jpg 145w, https:\/\/www.bibliotecadeseguranca.com.br\/fr\/wp-content\/uploads\/2014\/04\/perspectivas-da-administracao-em-seguranca-publica-no-brasil-100x150.jpg 100w\" sizes=\"auto, (max-width: 145px) 100vw, 145px\" \/>Ana Beatriz Leal, Oswaldo Munteal Filho, Vivian Zampa<\/strong><\/span><\/p>\n<p><span style=\"color: #003366;\"><strong>Editor CRV<\/strong><\/span><\/p>\n<p><span style=\"color: #003366;\"><strong>Descripci\u00f3n:<\/strong><\/span> &#8220;Nada \u00e9 mais importante do que a Seguran\u00e7a P\u00fablica&#8221;. Essas foram as palavras do governador do estado do Rio de Janeiro, S\u00e9rgio Cabral, durante a inaugura\u00e7\u00e3o de uma nova Unidade de Pol\u00edcia Pacificadora (UPP) em fevereiro de 2011 (O Dia, 26\/02\/2011, p. 50). A afirma\u00e7\u00e3o, al\u00e9m de evidenciar que a Seguran\u00e7a P\u00fablica ocupa um espa\u00e7o privilegiado no campo pol\u00edtico do Estado brasileiro, tamb\u00e9m a situa como um dos temas mais discutidos atualmente na sociedade.<\/p>\n<p>Para a popula\u00e7\u00e3o, de uma maneira geral, todos os dias, um grande n\u00famero de p\u00e1ginas de jornais, de programas de r\u00e1dio e de televis\u00e3o e sites da Internet noticiam casos de viol\u00eancia, de desastres e epis\u00f3dios que geram grande como\u00e7\u00e3o. N\u00e3o por acaso, os meios de comunica\u00e7\u00e3o cada vez mais ampliam o espa\u00e7o de discuss\u00f5es sobre o tema, chegando a contratar profissionais especializados na \u00e1rea de Seguran\u00e7a em seus respectivos espa\u00e7os.<\/p>\n<p>A Academia, por outro lado, vem refletindo sobre o tema com in\u00fameras abordagens que procuram considerar antigos e novos elementos que configuram os par\u00e2metros da viol\u00eancia e da Seguran\u00e7a P\u00fablica na atualidade.<\/p>\n<p>A partir dessa e de outras perspectivas, o livro doravante apresentado tem como objetivo discutir as diferentes dimens\u00f5es da Seguran\u00e7a P\u00fablica no Brasil, tomando por base fatores pol\u00edticos, hist\u00f3ricos, socioecon\u00f4micos, judiciais, operacionais e ligados \u00e0 cidadania, atrav\u00e9s de artigos de especialistas, gestores e autoridades p\u00fablicas renomadas da \u00e1rea de Seguran\u00e7a P\u00fablica.<\/p>\n<p>Por fim, a despeito da complexidade da tem\u00e1tica Seguran\u00e7a P\u00fablica, esperamos que o livro contribua para o entendimento de suas teorias e pr\u00e1ticas no Brasil, de forma a suscitar novos debates para esse campo em constante muta\u00e7\u00e3o.<\/p>\n","protected":false},"excerpt":{"rendered":"<p>Ana Beatriz Leal, Oswaldo Munteal Filho, Vivian Zampa Editor CRV Descripci\u00f3n: &#8220;Nada \u00e9 mais importante do que a Seguran\u00e7a P\u00fablica&#8221;. Essas foram as palavras do governador do estado do Rio de Janeiro, S\u00e9rgio Cabral, durante a inaugura\u00e7\u00e3o de uma nova Unidade de Pol\u00edcia Pacificadora (UPP) em fevereiro de 2011 (O Dia, 26\/02\/2011, p. 50). A afirma\u00e7\u00e3o, al\u00e9m de evidenciar que a Seguran\u00e7a P\u00fablica ocupa um espa\u00e7o privilegiado no campo pol\u00edtico&hellip; <\/p>\n","protected":false},"author":3,"featured_media":10692,"comment_status":"open","ping_status":"closed","sticky":false,"template":"","format":"standard","meta":{"footnotes":""},"categories":[6,25],"tags":[],"class_list":["post-10691","post","type-post","status-publish","format-standard","has-post-thumbnail","hentry","category-livros","category-seguranca-publica-e-defesa"],"views":280,"_links":{"self":[{"href":"https:\/\/www.bibliotecadeseguranca.com.br\/fr\/wp-json\/wp\/v2\/posts\/10691","targetHints":{"allow":["GET"]}}],"collection":[{"href":"https:\/\/www.bibliotecadeseguranca.com.br\/fr\/wp-json\/wp\/v2\/posts"}],"about":[{"href":"https:\/\/www.bibliotecadeseguranca.com.br\/fr\/wp-json\/wp\/v2\/types\/post"}],"author":[{"embeddable":true,"href":"https:\/\/www.bibliotecadeseguranca.com.br\/fr\/wp-json\/wp\/v2\/users\/3"}],"replies":[{"embeddable":true,"href":"https:\/\/www.bibliotecadeseguranca.com.br\/fr\/wp-json\/wp\/v2\/comments?post=10691"}],"version-history":[{"count":1,"href":"https:\/\/www.bibliotecadeseguranca.com.br\/fr\/wp-json\/wp\/v2\/posts\/10691\/revisions"}],"predecessor-version":[{"id":10693,"href":"https:\/\/www.bibliotecadeseguranca.com.br\/fr\/wp-json\/wp\/v2\/posts\/10691\/revisions\/10693"}],"wp:featuredmedia":[{"embeddable":true,"href":"https:\/\/www.bibliotecadeseguranca.com.br\/fr\/wp-json\/wp\/v2\/media\/10692"}],"wp:attachment":[{"href":"https:\/\/www.bibliotecadeseguranca.com.br\/fr\/wp-json\/wp\/v2\/media?parent=10691"}],"wp:term":[{"taxonomy":"category","embeddable":true,"href":"https:\/\/www.bibliotecadeseguranca.com.br\/fr\/wp-json\/wp\/v2\/categories?post=10691"},{"taxonomy":"post_tag","embeddable":true,"href":"https:\/\/www.bibliotecadeseguranca.com.br\/fr\/wp-json\/wp\/v2\/tags?post=10691"}],"curies":[{"name":"wp","href":"https:\/\/api.w.org\/{rel}","templated":true}]}}