{"id":10679,"date":"2014-04-25T09:30:55","date_gmt":"2014-04-25T12:30:55","guid":{"rendered":"http:\/\/www.bibliotecadeseguranca.com.br\/fr\/?p=10679"},"modified":"2014-04-25T03:24:24","modified_gmt":"2014-04-25T06:24:24","slug":"gestao-integrada-de-processos-e-da-tecnologia-da-informacao","status":"publish","type":"post","link":"https:\/\/www.bibliotecadeseguranca.com.br\/fr\/livros\/gestao-integrada-de-processos-e-da-tecnologia-da-informacao\/","title":{"rendered":"Gest\u00e3o Integrada de Processos e da Tecnologia da Informa\u00e7\u00e3o"},"content":{"rendered":"<p><span style=\"color: #003366;\"><strong><img loading=\"lazy\" decoding=\"async\" class=\"alignleft size-full wp-image-10680\" src=\"http:\/\/www.bibliotecadeseguranca.com.br\/fr\/wp-content\/uploads\/2014\/04\/gestao-integrada-de-processos-e-da-tecnologia-da-informacao.jpg\" alt=\"Gest\u00e3o Integrada de Processos e da Tecnologia da Informa\u00e7\u00e3o\" width=\"145\" height=\"204\" srcset=\"https:\/\/www.bibliotecadeseguranca.com.br\/fr\/wp-content\/uploads\/2014\/04\/gestao-integrada-de-processos-e-da-tecnologia-da-informacao.jpg 145w, https:\/\/www.bibliotecadeseguranca.com.br\/fr\/wp-content\/uploads\/2014\/04\/gestao-integrada-de-processos-e-da-tecnologia-da-informacao-106x150.jpg 106w\" sizes=\"auto, (max-width: 145px) 100vw, 145px\" \/>Fernando Jos\u00e9 Barbin Laurindo, Roberto Gilioli Rotondaro<\/strong><\/span><\/p>\n<p><span style=\"color: #003366;\"><strong>Editor Atlas<\/strong><\/span><\/p>\n<p><span style=\"color: #003366;\"><strong>Descripci\u00f3n:<\/strong><\/span> Este livro apresenta os conceitos necess\u00e1rios para o desenvolvimento da gest\u00e3o por processos e da tecnologia da informa\u00e7\u00e3o (TI). Enfatiza a realidade brasileira, com o intuito de fornecer aos leitores a dimens\u00e3o organizacional da implementa\u00e7\u00e3o desses conceitos.<\/p>\n<p>Dentro dos conceitos relativos \u00e0 gest\u00e3o por processos, s\u00e3o analisados os v\u00ednculos entre estrat\u00e9gia e processos cr\u00edticos, que devem ser tratados prioritariamente, e ainda ferramentas para abord\u00e1-los. S\u00e3o tamb\u00e9m estudadas as quest\u00f5es da an\u00e1lise de valor e da variabilidade dos processos, bem como intera\u00e7\u00f5es sist\u00eamicas entre os macroprocessos que afetam o conjunto das organiza\u00e7\u00f5es.<\/p>\n<p>Modelos que vinculam a estrat\u00e9gia de TI \u00e0 de neg\u00f3cio, avaliando sua efic\u00e1cia e indicando diretrizes para uma an\u00e1lise e avalia\u00e7\u00e3o da TI como ferramenta estrat\u00e9gica, sobretudo em ambientes turbulentos e na nova economia s\u00e3o tamb\u00e9m abordadas e analisadas. A gest\u00e3o do portf\u00f3lio das aplica\u00e7\u00f5es de TI e das alternativas de implementa\u00e7\u00e3o internas e externas complementam a vis\u00e3o integrada entre TI e processos.<\/p>\n","protected":false},"excerpt":{"rendered":"<p>Fernando Jos\u00e9 Barbin Laurindo, Roberto Gilioli Rotondaro Editor Atlas Descripci\u00f3n: Este livro apresenta os conceitos necess\u00e1rios para o desenvolvimento da gest\u00e3o por processos e da tecnologia da informa\u00e7\u00e3o (TI). Enfatiza a realidade brasileira, com o intuito de fornecer aos leitores a dimens\u00e3o organizacional da implementa\u00e7\u00e3o desses conceitos. Dentro dos conceitos relativos \u00e0 gest\u00e3o por processos, s\u00e3o analisados os v\u00ednculos entre estrat\u00e9gia e processos cr\u00edticos, que devem ser tratados prioritariamente, e&hellip; <\/p>\n","protected":false},"author":3,"featured_media":10680,"comment_status":"open","ping_status":"closed","sticky":false,"template":"","format":"standard","meta":{"footnotes":""},"categories":[30,6,20],"tags":[],"class_list":["post-10679","post","type-post","status-publish","format-standard","has-post-thumbnail","hentry","category-espionagem-e-inteligencia-competitiva","category-livros","category-seguranca-da-informacao"],"views":231,"_links":{"self":[{"href":"https:\/\/www.bibliotecadeseguranca.com.br\/fr\/wp-json\/wp\/v2\/posts\/10679","targetHints":{"allow":["GET"]}}],"collection":[{"href":"https:\/\/www.bibliotecadeseguranca.com.br\/fr\/wp-json\/wp\/v2\/posts"}],"about":[{"href":"https:\/\/www.bibliotecadeseguranca.com.br\/fr\/wp-json\/wp\/v2\/types\/post"}],"author":[{"embeddable":true,"href":"https:\/\/www.bibliotecadeseguranca.com.br\/fr\/wp-json\/wp\/v2\/users\/3"}],"replies":[{"embeddable":true,"href":"https:\/\/www.bibliotecadeseguranca.com.br\/fr\/wp-json\/wp\/v2\/comments?post=10679"}],"version-history":[{"count":1,"href":"https:\/\/www.bibliotecadeseguranca.com.br\/fr\/wp-json\/wp\/v2\/posts\/10679\/revisions"}],"predecessor-version":[{"id":10681,"href":"https:\/\/www.bibliotecadeseguranca.com.br\/fr\/wp-json\/wp\/v2\/posts\/10679\/revisions\/10681"}],"wp:featuredmedia":[{"embeddable":true,"href":"https:\/\/www.bibliotecadeseguranca.com.br\/fr\/wp-json\/wp\/v2\/media\/10680"}],"wp:attachment":[{"href":"https:\/\/www.bibliotecadeseguranca.com.br\/fr\/wp-json\/wp\/v2\/media?parent=10679"}],"wp:term":[{"taxonomy":"category","embeddable":true,"href":"https:\/\/www.bibliotecadeseguranca.com.br\/fr\/wp-json\/wp\/v2\/categories?post=10679"},{"taxonomy":"post_tag","embeddable":true,"href":"https:\/\/www.bibliotecadeseguranca.com.br\/fr\/wp-json\/wp\/v2\/tags?post=10679"}],"curies":[{"name":"wp","href":"https:\/\/api.w.org\/{rel}","templated":true}]}}