{"id":10622,"date":"2014-04-11T09:30:08","date_gmt":"2014-04-11T12:30:08","guid":{"rendered":"http:\/\/www.bibliotecadeseguranca.com.br\/fr\/?p=10622"},"modified":"2014-04-11T09:30:08","modified_gmt":"2014-04-11T12:30:08","slug":"a-atual-gestao-do-conhecimento-a-importancia-de-avaliar-e-identificar-o-capital-humano-nas-organizacoes","status":"publish","type":"post","link":"https:\/\/www.bibliotecadeseguranca.com.br\/fr\/livros\/a-atual-gestao-do-conhecimento-a-importancia-de-avaliar-e-identificar-o-capital-humano-nas-organizacoes\/","title":{"rendered":"A Atual Gest\u00e3o do Conhecimento: A Import\u00e2ncia de Avaliar e Identificar o Capital Humano nas Organiza\u00e7\u00f5es"},"content":{"rendered":"<p><span style=\"color: #003366;\"><strong><img loading=\"lazy\" decoding=\"async\" class=\"alignleft size-full wp-image-10623\" alt=\"A Atual Gest\u00e3o do Conhecimento: A Import\u00e2ncia de Avaliar e Identificar o Capital Humano nas Organiza\u00e7\u00f5es\" src=\"http:\/\/www.bibliotecadeseguranca.com.br\/fr\/wp-content\/uploads\/2014\/04\/a-atual-gestao-do-conhecimento-a-importancia-de-avaliar-e-identificar-o-capital-humano-nas-organizacoes.jpg\" width=\"145\" height=\"206\" srcset=\"https:\/\/www.bibliotecadeseguranca.com.br\/fr\/wp-content\/uploads\/2014\/04\/a-atual-gestao-do-conhecimento-a-importancia-de-avaliar-e-identificar-o-capital-humano-nas-organizacoes.jpg 145w, https:\/\/www.bibliotecadeseguranca.com.br\/fr\/wp-content\/uploads\/2014\/04\/a-atual-gestao-do-conhecimento-a-importancia-de-avaliar-e-identificar-o-capital-humano-nas-organizacoes-105x150.jpg 105w\" sizes=\"auto, (max-width: 145px) 100vw, 145px\" \/>Consuelo Rocha Dutra de Lara<\/strong><\/span><\/p>\n<p><span style=\"color: #003366;\"><strong>Editor Nobel<\/strong><\/span><\/p>\n<p><span style=\"color: #003366;\"><strong>Descripci\u00f3n:<\/strong><\/span> O gerenciamento do intelecto humano &#8211; e sua convers\u00e3o em produtos e servi\u00e7os \u00fateis &#8211; \u00e9 cada vez mais a habilidade executiva cr\u00edtica de nossa era. As estruturas organizacionais enxutas e o trabalho executado por for\u00e7as-tarefas, que dar\u00e3o andamento a seus projetos nos locais em que forem necess\u00e1rios, acabar\u00e3o eliminando o engessamento organizacional ainda vigente. Nesse novo modelo de organiza\u00e7\u00e3o, a disponibilidade que os trabalhadores do conhecimento (express\u00e3o cunhada por Drucker) dever\u00e3o apresentar para compartilhar seu capital intelectual, tanto t\u00e1cito como expl\u00edcito, representa o grande desafio \u00e0 mudan\u00e7a comportamental. Por outro lado, clientes, sociedade e acionistas exigem inova\u00e7\u00f5es imediata e continuamente e produtos e servi\u00e7os melhores a baixo custo. Nesse ambiente organizacional a autora, Consuelo Rocha Dutra de Lara, aponta para a necessidade de se reformular o balan\u00e7o patrimonial das empresas. Este apresenta apenas os valores tang\u00edveis, deixando de lado o valor da marca, o nome da empresa, a confiabilidade conquistada e, principalmente, o capital mais precioso, o conhecimento dos funcion\u00e1rios.<\/p>\n","protected":false},"excerpt":{"rendered":"<p>Consuelo Rocha Dutra de Lara Editor Nobel Descripci\u00f3n: O gerenciamento do intelecto humano &#8211; e sua convers\u00e3o em produtos e servi\u00e7os \u00fateis &#8211; \u00e9 cada vez mais a habilidade executiva cr\u00edtica de nossa era. As estruturas organizacionais enxutas e o trabalho executado por for\u00e7as-tarefas, que dar\u00e3o andamento a seus projetos nos locais em que forem necess\u00e1rios, acabar\u00e3o eliminando o engessamento organizacional ainda vigente. Nesse novo modelo de organiza\u00e7\u00e3o, a disponibilidade&hellip; <\/p>\n","protected":false},"author":3,"featured_media":10623,"comment_status":"open","ping_status":"closed","sticky":false,"template":"","format":"standard","meta":{"footnotes":""},"categories":[14,30,6],"tags":[],"class_list":["post-10622","post","type-post","status-publish","format-standard","has-post-thumbnail","hentry","category-administracao-e-estrategia-empresarial","category-espionagem-e-inteligencia-competitiva","category-livros"],"views":305,"_links":{"self":[{"href":"https:\/\/www.bibliotecadeseguranca.com.br\/fr\/wp-json\/wp\/v2\/posts\/10622","targetHints":{"allow":["GET"]}}],"collection":[{"href":"https:\/\/www.bibliotecadeseguranca.com.br\/fr\/wp-json\/wp\/v2\/posts"}],"about":[{"href":"https:\/\/www.bibliotecadeseguranca.com.br\/fr\/wp-json\/wp\/v2\/types\/post"}],"author":[{"embeddable":true,"href":"https:\/\/www.bibliotecadeseguranca.com.br\/fr\/wp-json\/wp\/v2\/users\/3"}],"replies":[{"embeddable":true,"href":"https:\/\/www.bibliotecadeseguranca.com.br\/fr\/wp-json\/wp\/v2\/comments?post=10622"}],"version-history":[{"count":1,"href":"https:\/\/www.bibliotecadeseguranca.com.br\/fr\/wp-json\/wp\/v2\/posts\/10622\/revisions"}],"predecessor-version":[{"id":10624,"href":"https:\/\/www.bibliotecadeseguranca.com.br\/fr\/wp-json\/wp\/v2\/posts\/10622\/revisions\/10624"}],"wp:featuredmedia":[{"embeddable":true,"href":"https:\/\/www.bibliotecadeseguranca.com.br\/fr\/wp-json\/wp\/v2\/media\/10623"}],"wp:attachment":[{"href":"https:\/\/www.bibliotecadeseguranca.com.br\/fr\/wp-json\/wp\/v2\/media?parent=10622"}],"wp:term":[{"taxonomy":"category","embeddable":true,"href":"https:\/\/www.bibliotecadeseguranca.com.br\/fr\/wp-json\/wp\/v2\/categories?post=10622"},{"taxonomy":"post_tag","embeddable":true,"href":"https:\/\/www.bibliotecadeseguranca.com.br\/fr\/wp-json\/wp\/v2\/tags?post=10622"}],"curies":[{"name":"wp","href":"https:\/\/api.w.org\/{rel}","templated":true}]}}