{"id":10579,"date":"2014-04-01T09:30:14","date_gmt":"2014-04-01T12:30:14","guid":{"rendered":"http:\/\/www.bibliotecadeseguranca.com.br\/fr\/?p=10579"},"modified":"2014-04-01T09:08:41","modified_gmt":"2014-04-01T12:08:41","slug":"seguranca-publica-convergencia-interconexao-e-interatividade-social","status":"publish","type":"post","link":"https:\/\/www.bibliotecadeseguranca.com.br\/fr\/livros\/seguranca-publica-convergencia-interconexao-e-interatividade-social\/","title":{"rendered":"Seguran\u00e7a P\u00fablica &#8211; Converg\u00eancia, Interconex\u00e3o e Interatividade Social"},"content":{"rendered":"<p><span style=\"color: #003366;\"><strong><img loading=\"lazy\" decoding=\"async\" class=\"alignleft size-full wp-image-10580\" alt=\"Seguran\u00e7a P\u00fablica - Converg\u00eancia, Interconex\u00e3o e Interatividade Social\" src=\"http:\/\/www.bibliotecadeseguranca.com.br\/fr\/wp-content\/uploads\/2014\/04\/seguranca-publica-convergencia-interconexao-e-interatividade-social.jpg\" width=\"145\" height=\"207\" srcset=\"https:\/\/www.bibliotecadeseguranca.com.br\/fr\/wp-content\/uploads\/2014\/04\/seguranca-publica-convergencia-interconexao-e-interatividade-social.jpg 145w, https:\/\/www.bibliotecadeseguranca.com.br\/fr\/wp-content\/uploads\/2014\/04\/seguranca-publica-convergencia-interconexao-e-interatividade-social-105x150.jpg 105w\" sizes=\"auto, (max-width: 145px) 100vw, 145px\" \/>Jo\u00e3o Antonio da Costa Fernandes, J\u00falio Cezar Costa<\/strong><\/span><\/p>\n<p><span style=\"color: #003366;\"><strong>Descripci\u00f3n:<\/strong><\/span> O livro &#8220;Seguran\u00e7a P\u00fablica \u2013 converg\u00eancia , interconex\u00e3o interatividade social&#8221;, escrito pelos coron\u00e9is da reserva remunerada Pol\u00edcia Militar do ES Jo\u00e3o Ant\u00f4nio da Costa Fernandes e J\u00falio Cezar Costa, fala sobre a pol\u00edtica e tem forte influ\u00eancia na seguran\u00e7a p\u00fablica brasileira. Os conceitos e o inovador m\u00e9todo de inova\u00e7\u00e3o da seguran\u00e7a p\u00fablica s\u00e3o destaques, al\u00e9m de relatos important\u00edssimos no que tange a concep\u00e7\u00f5es de pol\u00edticas p\u00fablicas nesta \u00e1rea<br \/>\nO Livro, que est\u00e1 sendo citado \u00e9 recomendado por \u00edcones da Policia nacional, tais como o Professor Doutor Jorge da Silva, e pelo ex-presidente do F\u00f3rum Brasileiro de Seguran\u00e7a P\u00fablica, o delegado de Pol\u00edcia Federal Paulo Sette C\u00e2mara, al\u00e9m do inteligente pref\u00e1cio assinado pelo promotor de Justi\u00e7a, Dr. Leonardo da Costa Barreto, membro fundador da Transpar\u00eancia Capixaba.<\/p>\n","protected":false},"excerpt":{"rendered":"<p>Jo\u00e3o Antonio da Costa Fernandes, J\u00falio Cezar Costa Descripci\u00f3n: O livro &#8220;Seguran\u00e7a P\u00fablica \u2013 converg\u00eancia , interconex\u00e3o interatividade social&#8221;, escrito pelos coron\u00e9is da reserva remunerada Pol\u00edcia Militar do ES Jo\u00e3o Ant\u00f4nio da Costa Fernandes e J\u00falio Cezar Costa, fala sobre a pol\u00edtica e tem forte influ\u00eancia na seguran\u00e7a p\u00fablica brasileira. Os conceitos e o inovador m\u00e9todo de inova\u00e7\u00e3o da seguran\u00e7a p\u00fablica s\u00e3o destaques, al\u00e9m de relatos important\u00edssimos no que tange&hellip; <\/p>\n","protected":false},"author":3,"featured_media":10580,"comment_status":"open","ping_status":"closed","sticky":false,"template":"","format":"standard","meta":{"footnotes":""},"categories":[6,25],"tags":[],"class_list":["post-10579","post","type-post","status-publish","format-standard","has-post-thumbnail","hentry","category-livros","category-seguranca-publica-e-defesa"],"views":263,"_links":{"self":[{"href":"https:\/\/www.bibliotecadeseguranca.com.br\/fr\/wp-json\/wp\/v2\/posts\/10579","targetHints":{"allow":["GET"]}}],"collection":[{"href":"https:\/\/www.bibliotecadeseguranca.com.br\/fr\/wp-json\/wp\/v2\/posts"}],"about":[{"href":"https:\/\/www.bibliotecadeseguranca.com.br\/fr\/wp-json\/wp\/v2\/types\/post"}],"author":[{"embeddable":true,"href":"https:\/\/www.bibliotecadeseguranca.com.br\/fr\/wp-json\/wp\/v2\/users\/3"}],"replies":[{"embeddable":true,"href":"https:\/\/www.bibliotecadeseguranca.com.br\/fr\/wp-json\/wp\/v2\/comments?post=10579"}],"version-history":[{"count":1,"href":"https:\/\/www.bibliotecadeseguranca.com.br\/fr\/wp-json\/wp\/v2\/posts\/10579\/revisions"}],"predecessor-version":[{"id":10581,"href":"https:\/\/www.bibliotecadeseguranca.com.br\/fr\/wp-json\/wp\/v2\/posts\/10579\/revisions\/10581"}],"wp:featuredmedia":[{"embeddable":true,"href":"https:\/\/www.bibliotecadeseguranca.com.br\/fr\/wp-json\/wp\/v2\/media\/10580"}],"wp:attachment":[{"href":"https:\/\/www.bibliotecadeseguranca.com.br\/fr\/wp-json\/wp\/v2\/media?parent=10579"}],"wp:term":[{"taxonomy":"category","embeddable":true,"href":"https:\/\/www.bibliotecadeseguranca.com.br\/fr\/wp-json\/wp\/v2\/categories?post=10579"},{"taxonomy":"post_tag","embeddable":true,"href":"https:\/\/www.bibliotecadeseguranca.com.br\/fr\/wp-json\/wp\/v2\/tags?post=10579"}],"curies":[{"name":"wp","href":"https:\/\/api.w.org\/{rel}","templated":true}]}}