{"id":10573,"date":"2014-03-31T09:30:41","date_gmt":"2014-03-31T12:30:41","guid":{"rendered":"http:\/\/www.bibliotecadeseguranca.com.br\/fr\/?p=10573"},"modified":"2014-11-11T20:07:02","modified_gmt":"2014-11-11T23:07:02","slug":"administracao-da-informacao","status":"publish","type":"post","link":"https:\/\/www.bibliotecadeseguranca.com.br\/fr\/livros\/administracao-da-informacao\/","title":{"rendered":"Administra\u00e7\u00e3o da Informa\u00e7\u00e3o"},"content":{"rendered":"<p><span style=\"color: #003366;\"><strong><img loading=\"lazy\" decoding=\"async\" class=\"alignleft size-full wp-image-10574\" alt=\"Administra\u00e7\u00e3o da Informa\u00e7\u00e3o\" src=\"http:\/\/www.bibliotecadeseguranca.com.br\/fr\/wp-content\/uploads\/2014\/03\/administracao-da-informacao.jpg\" width=\"145\" height=\"218\" srcset=\"https:\/\/www.bibliotecadeseguranca.com.br\/fr\/wp-content\/uploads\/2014\/03\/administracao-da-informacao.jpg 145w, https:\/\/www.bibliotecadeseguranca.com.br\/fr\/wp-content\/uploads\/2014\/03\/administracao-da-informacao-99x150.jpg 99w\" sizes=\"auto, (max-width: 145px) 100vw, 145px\" \/>Jos\u00e9 Osvaldo de Sordi<\/strong><\/span><\/p>\n<p><span style=\"color: #003366;\"><strong>Editor Saraiva<\/strong><\/span><\/p>\n<p><span style=\"color: #003366;\"><strong>Descripci\u00f3n:<\/strong><\/span> Em linguagem acess\u00edvel o autor mostra v\u00e1rias dimens\u00f5es das informa\u00e7\u00f5es, abordando t\u00f3picos como qualidade da informa\u00e7\u00e3o, compet\u00eancias para trabalhadores da informa\u00e7\u00e3o, estrat\u00e9gias para o recurso informa\u00e7\u00e3o, o processo de gest\u00e3o da informa\u00e7\u00e3o e do conhecimento, al\u00e9m dos recursos de tecnologias de informa\u00e7\u00e3o.<\/p>\n","protected":false},"excerpt":{"rendered":"<p>Jos\u00e9 Osvaldo de Sordi Editor Saraiva Descripci\u00f3n: Em linguagem acess\u00edvel o autor mostra v\u00e1rias dimens\u00f5es das informa\u00e7\u00f5es, abordando t\u00f3picos como qualidade da informa\u00e7\u00e3o, compet\u00eancias para trabalhadores da informa\u00e7\u00e3o, estrat\u00e9gias para o recurso informa\u00e7\u00e3o, o processo de gest\u00e3o da informa\u00e7\u00e3o e do conhecimento, al\u00e9m dos recursos de tecnologias de informa\u00e7\u00e3o.<\/p>\n","protected":false},"author":3,"featured_media":10574,"comment_status":"open","ping_status":"closed","sticky":false,"template":"","format":"standard","meta":{"footnotes":""},"categories":[14,30,6],"tags":[],"class_list":["post-10573","post","type-post","status-publish","format-standard","has-post-thumbnail","hentry","category-administracao-e-estrategia-empresarial","category-espionagem-e-inteligencia-competitiva","category-livros"],"views":422,"_links":{"self":[{"href":"https:\/\/www.bibliotecadeseguranca.com.br\/fr\/wp-json\/wp\/v2\/posts\/10573","targetHints":{"allow":["GET"]}}],"collection":[{"href":"https:\/\/www.bibliotecadeseguranca.com.br\/fr\/wp-json\/wp\/v2\/posts"}],"about":[{"href":"https:\/\/www.bibliotecadeseguranca.com.br\/fr\/wp-json\/wp\/v2\/types\/post"}],"author":[{"embeddable":true,"href":"https:\/\/www.bibliotecadeseguranca.com.br\/fr\/wp-json\/wp\/v2\/users\/3"}],"replies":[{"embeddable":true,"href":"https:\/\/www.bibliotecadeseguranca.com.br\/fr\/wp-json\/wp\/v2\/comments?post=10573"}],"version-history":[{"count":1,"href":"https:\/\/www.bibliotecadeseguranca.com.br\/fr\/wp-json\/wp\/v2\/posts\/10573\/revisions"}],"predecessor-version":[{"id":10575,"href":"https:\/\/www.bibliotecadeseguranca.com.br\/fr\/wp-json\/wp\/v2\/posts\/10573\/revisions\/10575"}],"wp:featuredmedia":[{"embeddable":true,"href":"https:\/\/www.bibliotecadeseguranca.com.br\/fr\/wp-json\/wp\/v2\/media\/10574"}],"wp:attachment":[{"href":"https:\/\/www.bibliotecadeseguranca.com.br\/fr\/wp-json\/wp\/v2\/media?parent=10573"}],"wp:term":[{"taxonomy":"category","embeddable":true,"href":"https:\/\/www.bibliotecadeseguranca.com.br\/fr\/wp-json\/wp\/v2\/categories?post=10573"},{"taxonomy":"post_tag","embeddable":true,"href":"https:\/\/www.bibliotecadeseguranca.com.br\/fr\/wp-json\/wp\/v2\/tags?post=10573"}],"curies":[{"name":"wp","href":"https:\/\/api.w.org\/{rel}","templated":true}]}}