{"id":10567,"date":"2014-03-29T09:30:56","date_gmt":"2014-03-29T12:30:56","guid":{"rendered":"http:\/\/www.bibliotecadeseguranca.com.br\/fr\/?p=10567"},"modified":"2014-03-29T08:22:26","modified_gmt":"2014-03-29T11:22:26","slug":"manual-para-la-seguridad-empresarial","status":"publish","type":"post","link":"https:\/\/www.bibliotecadeseguranca.com.br\/fr\/livros\/manual-para-la-seguridad-empresarial\/","title":{"rendered":"Manual para la Seguridad Empresarial"},"content":{"rendered":"<p><span style=\"color: #003366;\"><strong><img loading=\"lazy\" decoding=\"async\" class=\"alignleft size-full wp-image-10568\" alt=\"Manual para la Seguridad Empresarial\" src=\"http:\/\/www.bibliotecadeseguranca.com.br\/fr\/wp-content\/uploads\/2014\/03\/manual-para-la-seguridad-empresarial.jpg\" width=\"145\" height=\"213\" srcset=\"https:\/\/www.bibliotecadeseguranca.com.br\/fr\/wp-content\/uploads\/2014\/03\/manual-para-la-seguridad-empresarial.jpg 145w, https:\/\/www.bibliotecadeseguranca.com.br\/fr\/wp-content\/uploads\/2014\/03\/manual-para-la-seguridad-empresarial-102x150.jpg 102w\" sizes=\"auto, (max-width: 145px) 100vw, 145px\" \/>Rafael Dar\u00edo Sosa Gonz\u00e1lez<\/strong><\/span><\/p>\n<p><span style=\"color: #003366;\"><strong>Descripci\u00f3n:<\/strong><\/span> El desenvolvimiento social, pol\u00edtico, natural, econ\u00f3mico militar y psicol\u00f3gico del mundo actual, hace que las personas en todos sus estratos, clases, razas y colores, se encuentren rodeadas de situaciones de inseguridad con m\u00e1s frecuencia de la que ellas mismas se imaginan. Nuestro pa\u00eds no es ajeno a esta circunstancia y antes por el contrario ocupa uno de los primeros lugares entre los pa\u00edses m\u00e1s peligrosos del mundo.<\/p>\n<p>No obstante lo anterior, cuando ha pasado un tiempo relativamente largo de calma aparente, las personas se olvidan de esta situaci\u00f3n y descuidan sus medidas de seguridad, creyendo que estas son necesarias s\u00f3lo para algunas personas de importancia social por sus riquezas y sus posiciones dentro de un estamento social y terminan convencidas de la protecci\u00f3n de su buena suerte, la cual creen suficiente para andar seguros por todas partes y en toda ocasi\u00f3n.<\/p>\n<p>Desafortunadamente los hechos demuestran lo contrario. Todos sin excepci\u00f3n, estamos en la mira de la violencia y de la delincuencia. Todos, no importa la posici\u00f3n social, el tipo de trabajo, o el lugar de las actividades rutinarias, podemos ser v\u00edctimas de la situaci\u00f3n de inseguridad que se ense\u00f1orea en nuestro querido pa\u00eds. Pero los hechos a su ves, tambi\u00e9n muestran que entre m\u00e1s desprotegida est\u00e9 una familia, una persona o una empresa, m\u00e1s f\u00e1cilmente se convertir\u00e1 en blanco de los delincuentes.<\/p>\n","protected":false},"excerpt":{"rendered":"<p>Rafael Dar\u00edo Sosa Gonz\u00e1lez Descripci\u00f3n: El desenvolvimiento social, pol\u00edtico, natural, econ\u00f3mico militar y psicol\u00f3gico del mundo actual, hace que las personas en todos sus estratos, clases, razas y colores, se encuentren rodeadas de situaciones de inseguridad con m\u00e1s frecuencia de la que ellas mismas se imaginan. Nuestro pa\u00eds no es ajeno a esta circunstancia y antes por el contrario ocupa uno de los primeros lugares entre los pa\u00edses m\u00e1s peligrosos&hellip; <\/p>\n","protected":false},"author":3,"featured_media":10568,"comment_status":"open","ping_status":"closed","sticky":false,"template":"","format":"standard","meta":{"footnotes":""},"categories":[81,23,6],"tags":[],"class_list":["post-10567","post","type-post","status-publish","format-standard","has-post-thumbnail","hentry","category-espanol","category-gestao-da-seguranca-empresarial","category-livros"],"views":218,"_links":{"self":[{"href":"https:\/\/www.bibliotecadeseguranca.com.br\/fr\/wp-json\/wp\/v2\/posts\/10567","targetHints":{"allow":["GET"]}}],"collection":[{"href":"https:\/\/www.bibliotecadeseguranca.com.br\/fr\/wp-json\/wp\/v2\/posts"}],"about":[{"href":"https:\/\/www.bibliotecadeseguranca.com.br\/fr\/wp-json\/wp\/v2\/types\/post"}],"author":[{"embeddable":true,"href":"https:\/\/www.bibliotecadeseguranca.com.br\/fr\/wp-json\/wp\/v2\/users\/3"}],"replies":[{"embeddable":true,"href":"https:\/\/www.bibliotecadeseguranca.com.br\/fr\/wp-json\/wp\/v2\/comments?post=10567"}],"version-history":[{"count":1,"href":"https:\/\/www.bibliotecadeseguranca.com.br\/fr\/wp-json\/wp\/v2\/posts\/10567\/revisions"}],"predecessor-version":[{"id":10569,"href":"https:\/\/www.bibliotecadeseguranca.com.br\/fr\/wp-json\/wp\/v2\/posts\/10567\/revisions\/10569"}],"wp:featuredmedia":[{"embeddable":true,"href":"https:\/\/www.bibliotecadeseguranca.com.br\/fr\/wp-json\/wp\/v2\/media\/10568"}],"wp:attachment":[{"href":"https:\/\/www.bibliotecadeseguranca.com.br\/fr\/wp-json\/wp\/v2\/media?parent=10567"}],"wp:term":[{"taxonomy":"category","embeddable":true,"href":"https:\/\/www.bibliotecadeseguranca.com.br\/fr\/wp-json\/wp\/v2\/categories?post=10567"},{"taxonomy":"post_tag","embeddable":true,"href":"https:\/\/www.bibliotecadeseguranca.com.br\/fr\/wp-json\/wp\/v2\/tags?post=10567"}],"curies":[{"name":"wp","href":"https:\/\/api.w.org\/{rel}","templated":true}]}}