{"id":10555,"date":"2014-03-27T09:30:40","date_gmt":"2014-03-27T12:30:40","guid":{"rendered":"http:\/\/www.bibliotecadeseguranca.com.br\/fr\/?p=10555"},"modified":"2014-03-27T08:57:51","modified_gmt":"2014-03-27T11:57:51","slug":"repressao-ao-crime-organizado","status":"publish","type":"post","link":"https:\/\/www.bibliotecadeseguranca.com.br\/fr\/livros\/repressao-ao-crime-organizado\/","title":{"rendered":"Repress\u00e3o ao Crime Organizado"},"content":{"rendered":"<p><span style=\"color: #003366;\"><strong><img loading=\"lazy\" decoding=\"async\" class=\"alignleft size-full wp-image-10556\" alt=\"Repress\u00e3o ao Crime Organizado\" src=\"http:\/\/www.bibliotecadeseguranca.com.br\/fr\/wp-content\/uploads\/2014\/03\/repressao-ao-crime-organizado.jpg\" width=\"145\" height=\"204\" srcset=\"https:\/\/www.bibliotecadeseguranca.com.br\/fr\/wp-content\/uploads\/2014\/03\/repressao-ao-crime-organizado.jpg 145w, https:\/\/www.bibliotecadeseguranca.com.br\/fr\/wp-content\/uploads\/2014\/03\/repressao-ao-crime-organizado-106x150.jpg 106w\" sizes=\"auto, (max-width: 145px) 100vw, 145px\" \/>Elio Siqueira<\/strong><\/span><\/p>\n<p><span style=\"color: #003366;\"><strong>Editor Juru\u00e1<\/strong><\/span><\/p>\n<p><span style=\"color: #003366;\"><strong>Descripci\u00f3n:<\/strong><\/span> &#8220;Repress\u00e3o ao Crime Organizado&#8221;, em sua segunda edi\u00e7\u00e3o, vem em momento bastante oportuno, onde \u00e9 not\u00f3ria a necessidade de a sociedade se mobilizar nos esfor\u00e7os voltados para eliminar do Brasil as organiza\u00e7\u00f5es criminosas.<\/p>\n","protected":false},"excerpt":{"rendered":"<p>Elio Siqueira Editor Juru\u00e1 Descripci\u00f3n: &#8220;Repress\u00e3o ao Crime Organizado&#8221;, em sua segunda edi\u00e7\u00e3o, vem em momento bastante oportuno, onde \u00e9 not\u00f3ria a necessidade de a sociedade se mobilizar nos esfor\u00e7os voltados para eliminar do Brasil as organiza\u00e7\u00f5es criminosas.<\/p>\n","protected":false},"author":3,"featured_media":10556,"comment_status":"open","ping_status":"closed","sticky":false,"template":"","format":"standard","meta":{"footnotes":""},"categories":[6,25],"tags":[],"class_list":["post-10555","post","type-post","status-publish","format-standard","has-post-thumbnail","hentry","category-livros","category-seguranca-publica-e-defesa"],"views":180,"_links":{"self":[{"href":"https:\/\/www.bibliotecadeseguranca.com.br\/fr\/wp-json\/wp\/v2\/posts\/10555","targetHints":{"allow":["GET"]}}],"collection":[{"href":"https:\/\/www.bibliotecadeseguranca.com.br\/fr\/wp-json\/wp\/v2\/posts"}],"about":[{"href":"https:\/\/www.bibliotecadeseguranca.com.br\/fr\/wp-json\/wp\/v2\/types\/post"}],"author":[{"embeddable":true,"href":"https:\/\/www.bibliotecadeseguranca.com.br\/fr\/wp-json\/wp\/v2\/users\/3"}],"replies":[{"embeddable":true,"href":"https:\/\/www.bibliotecadeseguranca.com.br\/fr\/wp-json\/wp\/v2\/comments?post=10555"}],"version-history":[{"count":1,"href":"https:\/\/www.bibliotecadeseguranca.com.br\/fr\/wp-json\/wp\/v2\/posts\/10555\/revisions"}],"predecessor-version":[{"id":10557,"href":"https:\/\/www.bibliotecadeseguranca.com.br\/fr\/wp-json\/wp\/v2\/posts\/10555\/revisions\/10557"}],"wp:featuredmedia":[{"embeddable":true,"href":"https:\/\/www.bibliotecadeseguranca.com.br\/fr\/wp-json\/wp\/v2\/media\/10556"}],"wp:attachment":[{"href":"https:\/\/www.bibliotecadeseguranca.com.br\/fr\/wp-json\/wp\/v2\/media?parent=10555"}],"wp:term":[{"taxonomy":"category","embeddable":true,"href":"https:\/\/www.bibliotecadeseguranca.com.br\/fr\/wp-json\/wp\/v2\/categories?post=10555"},{"taxonomy":"post_tag","embeddable":true,"href":"https:\/\/www.bibliotecadeseguranca.com.br\/fr\/wp-json\/wp\/v2\/tags?post=10555"}],"curies":[{"name":"wp","href":"https:\/\/api.w.org\/{rel}","templated":true}]}}