{"id":10541,"date":"2014-03-24T09:30:07","date_gmt":"2014-03-24T12:30:07","guid":{"rendered":"http:\/\/www.bibliotecadeseguranca.com.br\/fr\/?p=10541"},"modified":"2014-03-24T08:46:08","modified_gmt":"2014-03-24T11:46:08","slug":"prevencao-criminal-ou-conivencia-com-o-crime","status":"publish","type":"post","link":"https:\/\/www.bibliotecadeseguranca.com.br\/fr\/livros\/prevencao-criminal-ou-conivencia-com-o-crime\/","title":{"rendered":"Preven\u00e7\u00e3o Criminal ou Coniv\u00eancia com o Crime"},"content":{"rendered":"<p><strong><img loading=\"lazy\" decoding=\"async\" class=\"alignleft size-full wp-image-10542\" alt=\"Preven\u00e7\u00e3o Criminal ou Coniv\u00eancia com o Crime\" src=\"http:\/\/www.bibliotecadeseguranca.com.br\/fr\/wp-content\/uploads\/2014\/03\/prevencao-criminal-ou-conivencia-com-o-crime.jpg\" width=\"145\" height=\"220\" srcset=\"https:\/\/www.bibliotecadeseguranca.com.br\/fr\/wp-content\/uploads\/2014\/03\/prevencao-criminal-ou-conivencia-com-o-crime.jpg 145w, https:\/\/www.bibliotecadeseguranca.com.br\/fr\/wp-content\/uploads\/2014\/03\/prevencao-criminal-ou-conivencia-com-o-crime-98x150.jpg 98w\" sizes=\"auto, (max-width: 145px) 100vw, 145px\" \/><span style=\"color: #003366;\">Bismael B. Moraes<\/span><\/strong><\/p>\n<p><span style=\"color: #003366;\"><strong>Editor Revista dos Tribunais<\/strong><\/span><\/p>\n<p><span style=\"color: #003366;\"><strong>Descripci\u00f3n:<\/strong><\/span> Esta obra \u00e9 uma cr\u00edtica \u00e0 postura daqueles que n\u00e3o se preocupam com a pr\u00e1tica do crime e suas causas, ocupando-se apenas de sua apura\u00e7\u00e3o depois do acontecido, punindo severamente seus autores e difundindo o medo. Neste trabalho o autor prop\u00f5e a cria\u00e7\u00e3o de um ramo jur\u00eddico de &#8220;Direito Preventivo&#8221;, baseando sua tese na certeza de que n\u00e3o h\u00e1 seguran\u00e7a p\u00fablica sem preven\u00e7\u00e3o criminal &#8211; desde a escola, com envolvimento da fam\u00edlia e dos demais segmentos sociais. Faz, tamb\u00e9m, uma den\u00fancia atestando a exist\u00eancia da institucionaliza\u00e7\u00e3o da repress\u00e3o em raz\u00e3o de interesses de pessoas e grupos, p\u00fablicos e privados, que fazem uso da viol\u00eancia, do crime e do temor, em preju\u00edzo da sociedade.<\/p>\n","protected":false},"excerpt":{"rendered":"<p>Bismael B. Moraes Editor Revista dos Tribunais Descripci\u00f3n: Esta obra \u00e9 uma cr\u00edtica \u00e0 postura daqueles que n\u00e3o se preocupam com a pr\u00e1tica do crime e suas causas, ocupando-se apenas de sua apura\u00e7\u00e3o depois do acontecido, punindo severamente seus autores e difundindo o medo. Neste trabalho o autor prop\u00f5e a cria\u00e7\u00e3o de um ramo jur\u00eddico de &#8220;Direito Preventivo&#8221;, baseando sua tese na certeza de que n\u00e3o h\u00e1 seguran\u00e7a p\u00fablica sem&hellip; <\/p>\n","protected":false},"author":3,"featured_media":10542,"comment_status":"open","ping_status":"closed","sticky":false,"template":"","format":"standard","meta":{"footnotes":""},"categories":[10,6,25],"tags":[],"class_list":["post-10541","post","type-post","status-publish","format-standard","has-post-thumbnail","hentry","category-crime-violencia-e-criminologia","category-livros","category-seguranca-publica-e-defesa"],"views":291,"_links":{"self":[{"href":"https:\/\/www.bibliotecadeseguranca.com.br\/fr\/wp-json\/wp\/v2\/posts\/10541","targetHints":{"allow":["GET"]}}],"collection":[{"href":"https:\/\/www.bibliotecadeseguranca.com.br\/fr\/wp-json\/wp\/v2\/posts"}],"about":[{"href":"https:\/\/www.bibliotecadeseguranca.com.br\/fr\/wp-json\/wp\/v2\/types\/post"}],"author":[{"embeddable":true,"href":"https:\/\/www.bibliotecadeseguranca.com.br\/fr\/wp-json\/wp\/v2\/users\/3"}],"replies":[{"embeddable":true,"href":"https:\/\/www.bibliotecadeseguranca.com.br\/fr\/wp-json\/wp\/v2\/comments?post=10541"}],"version-history":[{"count":2,"href":"https:\/\/www.bibliotecadeseguranca.com.br\/fr\/wp-json\/wp\/v2\/posts\/10541\/revisions"}],"predecessor-version":[{"id":10544,"href":"https:\/\/www.bibliotecadeseguranca.com.br\/fr\/wp-json\/wp\/v2\/posts\/10541\/revisions\/10544"}],"wp:featuredmedia":[{"embeddable":true,"href":"https:\/\/www.bibliotecadeseguranca.com.br\/fr\/wp-json\/wp\/v2\/media\/10542"}],"wp:attachment":[{"href":"https:\/\/www.bibliotecadeseguranca.com.br\/fr\/wp-json\/wp\/v2\/media?parent=10541"}],"wp:term":[{"taxonomy":"category","embeddable":true,"href":"https:\/\/www.bibliotecadeseguranca.com.br\/fr\/wp-json\/wp\/v2\/categories?post=10541"},{"taxonomy":"post_tag","embeddable":true,"href":"https:\/\/www.bibliotecadeseguranca.com.br\/fr\/wp-json\/wp\/v2\/tags?post=10541"}],"curies":[{"name":"wp","href":"https:\/\/api.w.org\/{rel}","templated":true}]}}