{"id":10522,"date":"2014-03-20T09:31:32","date_gmt":"2014-03-20T12:31:32","guid":{"rendered":"http:\/\/www.bibliotecadeseguranca.com.br\/fr\/?p=10522"},"modified":"2014-12-31T01:41:31","modified_gmt":"2014-12-31T04:41:31","slug":"manual-do-policial-civil","status":"publish","type":"post","link":"https:\/\/www.bibliotecadeseguranca.com.br\/fr\/livros\/manual-do-policial-civil\/","title":{"rendered":"Manual do Policial Civil"},"content":{"rendered":"<p><span style=\"color: #003366;\"><strong><img loading=\"lazy\" decoding=\"async\" class=\"alignleft size-full wp-image-10523\" alt=\"Manual do Policial Civil\" src=\"http:\/\/www.bibliotecadeseguranca.com.br\/fr\/wp-content\/uploads\/2014\/03\/manual-do-policial-civil.jpg\" width=\"145\" height=\"219\" srcset=\"https:\/\/www.bibliotecadeseguranca.com.br\/fr\/wp-content\/uploads\/2014\/03\/manual-do-policial-civil.jpg 145w, https:\/\/www.bibliotecadeseguranca.com.br\/fr\/wp-content\/uploads\/2014\/03\/manual-do-policial-civil-99x150.jpg 99w\" sizes=\"auto, (max-width: 145px) 100vw, 145px\" \/>Marco Antonio Jager<\/strong><\/span><\/p>\n<p><span style=\"color: #003366;\"><strong>Editor Edipro<\/strong><\/span><\/p>\n<p><span style=\"color: #003366;\"><strong>Sinopse<\/strong><\/span>: A Administra\u00e7\u00e3o P\u00fablica, para registro de seus atos, controle de conduta de seus agentes e solu\u00e7\u00e3o das controv\u00e9rsias administrativas, utiliza diversos procedimentos, sobretudo nos policiais. Este livro \u00e9 um guia pr\u00e1tico para o trabalho do policial civil e para todo cidad\u00e3o preocupado com a seguran\u00e7a p\u00fablica.<\/p>\n","protected":false},"excerpt":{"rendered":"<p>Marco Antonio Jager Editor Edipro Sinopse: A Administra\u00e7\u00e3o P\u00fablica, para registro de seus atos, controle de conduta de seus agentes e solu\u00e7\u00e3o das controv\u00e9rsias administrativas, utiliza diversos procedimentos, sobretudo nos policiais. Este livro \u00e9 um guia pr\u00e1tico para o trabalho do policial civil e para todo cidad\u00e3o preocupado com a seguran\u00e7a p\u00fablica.<\/p>\n","protected":false},"author":3,"featured_media":10523,"comment_status":"open","ping_status":"closed","sticky":false,"template":"","format":"standard","meta":{"footnotes":""},"categories":[23,6,25],"tags":[],"class_list":["post-10522","post","type-post","status-publish","format-standard","has-post-thumbnail","hentry","category-gestao-da-seguranca-empresarial","category-livros","category-seguranca-publica-e-defesa"],"views":209,"_links":{"self":[{"href":"https:\/\/www.bibliotecadeseguranca.com.br\/fr\/wp-json\/wp\/v2\/posts\/10522","targetHints":{"allow":["GET"]}}],"collection":[{"href":"https:\/\/www.bibliotecadeseguranca.com.br\/fr\/wp-json\/wp\/v2\/posts"}],"about":[{"href":"https:\/\/www.bibliotecadeseguranca.com.br\/fr\/wp-json\/wp\/v2\/types\/post"}],"author":[{"embeddable":true,"href":"https:\/\/www.bibliotecadeseguranca.com.br\/fr\/wp-json\/wp\/v2\/users\/3"}],"replies":[{"embeddable":true,"href":"https:\/\/www.bibliotecadeseguranca.com.br\/fr\/wp-json\/wp\/v2\/comments?post=10522"}],"version-history":[{"count":1,"href":"https:\/\/www.bibliotecadeseguranca.com.br\/fr\/wp-json\/wp\/v2\/posts\/10522\/revisions"}],"predecessor-version":[{"id":10524,"href":"https:\/\/www.bibliotecadeseguranca.com.br\/fr\/wp-json\/wp\/v2\/posts\/10522\/revisions\/10524"}],"wp:featuredmedia":[{"embeddable":true,"href":"https:\/\/www.bibliotecadeseguranca.com.br\/fr\/wp-json\/wp\/v2\/media\/10523"}],"wp:attachment":[{"href":"https:\/\/www.bibliotecadeseguranca.com.br\/fr\/wp-json\/wp\/v2\/media?parent=10522"}],"wp:term":[{"taxonomy":"category","embeddable":true,"href":"https:\/\/www.bibliotecadeseguranca.com.br\/fr\/wp-json\/wp\/v2\/categories?post=10522"},{"taxonomy":"post_tag","embeddable":true,"href":"https:\/\/www.bibliotecadeseguranca.com.br\/fr\/wp-json\/wp\/v2\/tags?post=10522"}],"curies":[{"name":"wp","href":"https:\/\/api.w.org\/{rel}","templated":true}]}}