{"id":10497,"date":"2014-03-14T09:30:48","date_gmt":"2014-03-14T12:30:48","guid":{"rendered":"http:\/\/www.bibliotecadeseguranca.com.br\/fr\/?p=10497"},"modified":"2014-03-14T09:04:18","modified_gmt":"2014-03-14T12:04:18","slug":"as-acoes-terroristas-do-crime-organizado","status":"publish","type":"post","link":"https:\/\/www.bibliotecadeseguranca.com.br\/fr\/livros\/as-acoes-terroristas-do-crime-organizado\/","title":{"rendered":"As A\u00e7\u00f5es Terroristas do Crime Organizado"},"content":{"rendered":"<p><span style=\"color: #003366;\"><strong><img loading=\"lazy\" decoding=\"async\" class=\"alignleft size-full wp-image-10498\" alt=\"As A\u00e7\u00f5es Terroristas do Crime Organizado\" src=\"http:\/\/www.bibliotecadeseguranca.com.br\/fr\/wp-content\/uploads\/2014\/03\/as-acoes-terroristas-do-crime-organizado.jpg\" width=\"145\" height=\"218\" srcset=\"https:\/\/www.bibliotecadeseguranca.com.br\/fr\/wp-content\/uploads\/2014\/03\/as-acoes-terroristas-do-crime-organizado.jpg 145w, https:\/\/www.bibliotecadeseguranca.com.br\/fr\/wp-content\/uploads\/2014\/03\/as-acoes-terroristas-do-crime-organizado-99x150.jpg 99w\" sizes=\"auto, (max-width: 145px) 100vw, 145px\" \/>Eduardo de Oliveira Fernandes<\/strong><\/span><\/p>\n<p><span style=\"color: #003366;\"><strong>Editor Livrus<\/strong><\/span><\/p>\n<p><span style=\"color: #003366;\"><strong>Descripci\u00f3n:<\/strong><\/span> Em raz\u00e3o de eventos como os ataques \u00e0s Torres G\u00eameas nos Estados Unidos e as ondas de ataques do crime organizado no Estado de S\u00e3o Paulo, \u00e9 p\u00fablico e not\u00f3rio que muito se vem discutindo sobre terrorismo e organiza\u00e7\u00f5es criminosas com as mais variadas interpreta\u00e7\u00f5es e grandes pol\u00eamicas. \u00c9 comum, ao se analisar os fen\u00f4menos criminol\u00f3gicos, percep\u00e7\u00f5es e interpreta\u00e7\u00f5es que beiram o reducionismo. A leitura e interpreta\u00e7\u00e3o de car\u00e1ter jur\u00eddico, apesar de sua grande contribui\u00e7\u00e3o, na maioria das vezes, n\u00e3o consegue explicar ou decifrar esses fen\u00f4menos, gerando um enorme d\u00e9ficit etiol\u00f3gico. &#8216;As A\u00e7\u00f5es Terroristas do Crime Organizado&#8217;, pretende auxiliar a preencher essa lacuna. A obra \u00e9 a percep\u00e7\u00e3o de um profissional da \u00e1rea da seguran\u00e7a p\u00fablica com experi\u00eancia e curr\u00edculo no trato dessas quest\u00f5es.<\/p>\n","protected":false},"excerpt":{"rendered":"<p>Eduardo de Oliveira Fernandes Editor Livrus Descripci\u00f3n: Em raz\u00e3o de eventos como os ataques \u00e0s Torres G\u00eameas nos Estados Unidos e as ondas de ataques do crime organizado no Estado de S\u00e3o Paulo, \u00e9 p\u00fablico e not\u00f3rio que muito se vem discutindo sobre terrorismo e organiza\u00e7\u00f5es criminosas com as mais variadas interpreta\u00e7\u00f5es e grandes pol\u00eamicas. \u00c9 comum, ao se analisar os fen\u00f4menos criminol\u00f3gicos, percep\u00e7\u00f5es e interpreta\u00e7\u00f5es que beiram o reducionismo.&hellip; <\/p>\n","protected":false},"author":3,"featured_media":10498,"comment_status":"open","ping_status":"closed","sticky":false,"template":"","format":"standard","meta":{"footnotes":""},"categories":[10,6,25],"tags":[],"class_list":["post-10497","post","type-post","status-publish","format-standard","has-post-thumbnail","hentry","category-crime-violencia-e-criminologia","category-livros","category-seguranca-publica-e-defesa"],"views":328,"_links":{"self":[{"href":"https:\/\/www.bibliotecadeseguranca.com.br\/fr\/wp-json\/wp\/v2\/posts\/10497","targetHints":{"allow":["GET"]}}],"collection":[{"href":"https:\/\/www.bibliotecadeseguranca.com.br\/fr\/wp-json\/wp\/v2\/posts"}],"about":[{"href":"https:\/\/www.bibliotecadeseguranca.com.br\/fr\/wp-json\/wp\/v2\/types\/post"}],"author":[{"embeddable":true,"href":"https:\/\/www.bibliotecadeseguranca.com.br\/fr\/wp-json\/wp\/v2\/users\/3"}],"replies":[{"embeddable":true,"href":"https:\/\/www.bibliotecadeseguranca.com.br\/fr\/wp-json\/wp\/v2\/comments?post=10497"}],"version-history":[{"count":1,"href":"https:\/\/www.bibliotecadeseguranca.com.br\/fr\/wp-json\/wp\/v2\/posts\/10497\/revisions"}],"predecessor-version":[{"id":10499,"href":"https:\/\/www.bibliotecadeseguranca.com.br\/fr\/wp-json\/wp\/v2\/posts\/10497\/revisions\/10499"}],"wp:featuredmedia":[{"embeddable":true,"href":"https:\/\/www.bibliotecadeseguranca.com.br\/fr\/wp-json\/wp\/v2\/media\/10498"}],"wp:attachment":[{"href":"https:\/\/www.bibliotecadeseguranca.com.br\/fr\/wp-json\/wp\/v2\/media?parent=10497"}],"wp:term":[{"taxonomy":"category","embeddable":true,"href":"https:\/\/www.bibliotecadeseguranca.com.br\/fr\/wp-json\/wp\/v2\/categories?post=10497"},{"taxonomy":"post_tag","embeddable":true,"href":"https:\/\/www.bibliotecadeseguranca.com.br\/fr\/wp-json\/wp\/v2\/tags?post=10497"}],"curies":[{"name":"wp","href":"https:\/\/api.w.org\/{rel}","templated":true}]}}