{"id":10467,"date":"2014-03-07T09:30:58","date_gmt":"2014-03-07T12:30:58","guid":{"rendered":"http:\/\/www.bibliotecadeseguranca.com.br\/fr\/?p=10467"},"modified":"2014-03-07T09:21:16","modified_gmt":"2014-03-07T12:21:16","slug":"inteligencia-criminal-e-denuncia-anonima","status":"publish","type":"post","link":"https:\/\/www.bibliotecadeseguranca.com.br\/fr\/livros\/inteligencia-criminal-e-denuncia-anonima\/","title":{"rendered":"Intelig\u00eancia Criminal e Den\u00fancia An\u00f4nima"},"content":{"rendered":"<p><span style=\"color: #003366;\"><strong><img loading=\"lazy\" decoding=\"async\" class=\"alignleft size-full wp-image-10468\" alt=\"Intelig\u00eancia Criminal e Den\u00fancia An\u00f4nima\" src=\"http:\/\/www.bibliotecadeseguranca.com.br\/fr\/wp-content\/uploads\/2014\/03\/inteligencia-criminal-e-denuncia-anonima.jpg\" width=\"145\" height=\"213\" srcset=\"https:\/\/www.bibliotecadeseguranca.com.br\/fr\/wp-content\/uploads\/2014\/03\/inteligencia-criminal-e-denuncia-anonima.jpg 145w, https:\/\/www.bibliotecadeseguranca.com.br\/fr\/wp-content\/uploads\/2014\/03\/inteligencia-criminal-e-denuncia-anonima-102x150.jpg 102w\" sizes=\"auto, (max-width: 145px) 100vw, 145px\" \/>Rodrigo Iennaco<\/strong><\/span><\/p>\n<p><span style=\"color: #003366;\"><strong>Editor Arraes Editores<\/strong><\/span><\/p>\n<p><span style=\"color: #003366;\"><strong>Descripci\u00f3n:<\/strong><\/span> Esta obra apresenta em seu conte\u00fado os seguintes temas: Intelig\u00eancia, seguran\u00e7a p\u00fablica e pol\u00edcia: o dilema conceitual e os desafios de controle na democracia; Desenvolvendo e institucionaliza\u00e7\u00e3o da intelig\u00eancia no Brasil; Riscos ao sistema de garantias: necessidade de controle; A supervaloriza\u00e7\u00e3o do inimigo interno; Investiga\u00e7\u00e3o crimininal e estado de direito: in\u00edcio do procedimento investigat\u00f3rio; Al\u00e9m de outros temas.<\/p>\n","protected":false},"excerpt":{"rendered":"<p>Rodrigo Iennaco Editor Arraes Editores Descripci\u00f3n: Esta obra apresenta em seu conte\u00fado os seguintes temas: Intelig\u00eancia, seguran\u00e7a p\u00fablica e pol\u00edcia: o dilema conceitual e os desafios de controle na democracia; Desenvolvendo e institucionaliza\u00e7\u00e3o da intelig\u00eancia no Brasil; Riscos ao sistema de garantias: necessidade de controle; A supervaloriza\u00e7\u00e3o do inimigo interno; Investiga\u00e7\u00e3o crimininal e estado de direito: in\u00edcio do procedimento investigat\u00f3rio; Al\u00e9m de outros temas.<\/p>\n","protected":false},"author":3,"featured_media":10468,"comment_status":"open","ping_status":"closed","sticky":false,"template":"","format":"standard","meta":{"footnotes":""},"categories":[15,23,6,25],"tags":[],"class_list":["post-10467","post","type-post","status-publish","format-standard","has-post-thumbnail","hentry","category-fraude-e-investigacao","category-gestao-da-seguranca-empresarial","category-livros","category-seguranca-publica-e-defesa"],"views":238,"_links":{"self":[{"href":"https:\/\/www.bibliotecadeseguranca.com.br\/fr\/wp-json\/wp\/v2\/posts\/10467","targetHints":{"allow":["GET"]}}],"collection":[{"href":"https:\/\/www.bibliotecadeseguranca.com.br\/fr\/wp-json\/wp\/v2\/posts"}],"about":[{"href":"https:\/\/www.bibliotecadeseguranca.com.br\/fr\/wp-json\/wp\/v2\/types\/post"}],"author":[{"embeddable":true,"href":"https:\/\/www.bibliotecadeseguranca.com.br\/fr\/wp-json\/wp\/v2\/users\/3"}],"replies":[{"embeddable":true,"href":"https:\/\/www.bibliotecadeseguranca.com.br\/fr\/wp-json\/wp\/v2\/comments?post=10467"}],"version-history":[{"count":1,"href":"https:\/\/www.bibliotecadeseguranca.com.br\/fr\/wp-json\/wp\/v2\/posts\/10467\/revisions"}],"predecessor-version":[{"id":10469,"href":"https:\/\/www.bibliotecadeseguranca.com.br\/fr\/wp-json\/wp\/v2\/posts\/10467\/revisions\/10469"}],"wp:featuredmedia":[{"embeddable":true,"href":"https:\/\/www.bibliotecadeseguranca.com.br\/fr\/wp-json\/wp\/v2\/media\/10468"}],"wp:attachment":[{"href":"https:\/\/www.bibliotecadeseguranca.com.br\/fr\/wp-json\/wp\/v2\/media?parent=10467"}],"wp:term":[{"taxonomy":"category","embeddable":true,"href":"https:\/\/www.bibliotecadeseguranca.com.br\/fr\/wp-json\/wp\/v2\/categories?post=10467"},{"taxonomy":"post_tag","embeddable":true,"href":"https:\/\/www.bibliotecadeseguranca.com.br\/fr\/wp-json\/wp\/v2\/tags?post=10467"}],"curies":[{"name":"wp","href":"https:\/\/api.w.org\/{rel}","templated":true}]}}