{"id":10464,"date":"2014-03-06T09:30:20","date_gmt":"2014-03-06T12:30:20","guid":{"rendered":"http:\/\/www.bibliotecadeseguranca.com.br\/fr\/?p=10464"},"modified":"2014-03-06T07:51:15","modified_gmt":"2014-03-06T10:51:15","slug":"curso-de-udf-uso-diferenciado-da-forca","status":"publish","type":"post","link":"https:\/\/www.bibliotecadeseguranca.com.br\/fr\/livros\/curso-de-udf-uso-diferenciado-da-forca\/","title":{"rendered":"Curso de UDF &#8211; Uso Diferenciado da For\u00e7a"},"content":{"rendered":"<p><span style=\"color: #003366;\"><strong><img loading=\"lazy\" decoding=\"async\" class=\"alignleft size-full wp-image-10465\" alt=\"Curso de UDF - Uso Diferenciado da For\u00e7a\" src=\"http:\/\/www.bibliotecadeseguranca.com.br\/fr\/wp-content\/uploads\/2014\/03\/curso-de-udf-uso-diferenciado-da-forca.jpg\" width=\"145\" height=\"210\" srcset=\"https:\/\/www.bibliotecadeseguranca.com.br\/fr\/wp-content\/uploads\/2014\/03\/curso-de-udf-uso-diferenciado-da-forca.jpg 145w, https:\/\/www.bibliotecadeseguranca.com.br\/fr\/wp-content\/uploads\/2014\/03\/curso-de-udf-uso-diferenciado-da-forca-103x150.jpg 103w\" sizes=\"auto, (max-width: 145px) 100vw, 145px\" \/>Eduardo Maia Bettini, Claudia Tereza Sales Duarte<\/strong><\/span><\/p>\n<p><span style=\"color: #003366;\"><strong>Editor \u00cdcone<\/strong><\/span><\/p>\n<p><span style=\"color: #003366;\"><strong>Descripci\u00f3n:<\/strong><\/span> A evolu\u00e7\u00e3o dos Direitos Humanos ao longo dos s\u00e9culos e a estrutura\u00e7\u00e3o do Estado moderno culminaram com a ado\u00e7\u00e3o de um modelo de conv\u00edvio social em que o cidad\u00e3o n\u00e3o pode realizar justi\u00e7a com as pr\u00f3prias m\u00e3os, cabendo ao Estado a primazia do direito de punir. Por outro lado, com a crescente viol\u00eancia, passou a prevalecer o compartilhamento, p\u00fablico e privado, da seguran\u00e7a patrimonial preventiva. Para que as for\u00e7as de seguran\u00e7a possam proteger os cidad\u00e3os de condutas criminosas, \u00e9 natural que fa\u00e7am uso da for\u00e7a (n\u00e3o da viol\u00eancia) quando necess\u00e1rio. Ao discorrer sobre o Uso Diferenciado da For\u00e7a, os Direitos Humanos relacionados e, por fim, os instrumentos de menor potencial ofensivo, a presente obra apresenta com maestria a melhor forma de atua\u00e7\u00e3o dos profissionais envolvidos com a seguran\u00e7a da sociedade. Os ensinamentos aqui expostos s\u00e3o fundamentais para conhecer quais s\u00e3o as melhores t\u00e9cnicas, os limites de atua\u00e7\u00e3o dos policiais e seguran\u00e7as patrimoniais e, tamb\u00e9m, quais s\u00e3o as implica\u00e7\u00f5es jur\u00eddicas de eventual extrapola\u00e7\u00e3o. Trata-se de obra in\u00e9dita e fundamental para todos que se interessam e se preocupam com a seguran\u00e7a na sociedade atual.<\/p>\n","protected":false},"excerpt":{"rendered":"<p>Eduardo Maia Bettini, Claudia Tereza Sales Duarte Editor \u00cdcone Descripci\u00f3n: A evolu\u00e7\u00e3o dos Direitos Humanos ao longo dos s\u00e9culos e a estrutura\u00e7\u00e3o do Estado moderno culminaram com a ado\u00e7\u00e3o de um modelo de conv\u00edvio social em que o cidad\u00e3o n\u00e3o pode realizar justi\u00e7a com as pr\u00f3prias m\u00e3os, cabendo ao Estado a primazia do direito de punir. Por outro lado, com a crescente viol\u00eancia, passou a prevalecer o compartilhamento, p\u00fablico e&hellip; <\/p>\n","protected":false},"author":3,"featured_media":10465,"comment_status":"open","ping_status":"closed","sticky":false,"template":"","format":"standard","meta":{"footnotes":""},"categories":[23,6,25],"tags":[],"class_list":["post-10464","post","type-post","status-publish","format-standard","has-post-thumbnail","hentry","category-gestao-da-seguranca-empresarial","category-livros","category-seguranca-publica-e-defesa"],"views":389,"_links":{"self":[{"href":"https:\/\/www.bibliotecadeseguranca.com.br\/fr\/wp-json\/wp\/v2\/posts\/10464","targetHints":{"allow":["GET"]}}],"collection":[{"href":"https:\/\/www.bibliotecadeseguranca.com.br\/fr\/wp-json\/wp\/v2\/posts"}],"about":[{"href":"https:\/\/www.bibliotecadeseguranca.com.br\/fr\/wp-json\/wp\/v2\/types\/post"}],"author":[{"embeddable":true,"href":"https:\/\/www.bibliotecadeseguranca.com.br\/fr\/wp-json\/wp\/v2\/users\/3"}],"replies":[{"embeddable":true,"href":"https:\/\/www.bibliotecadeseguranca.com.br\/fr\/wp-json\/wp\/v2\/comments?post=10464"}],"version-history":[{"count":1,"href":"https:\/\/www.bibliotecadeseguranca.com.br\/fr\/wp-json\/wp\/v2\/posts\/10464\/revisions"}],"predecessor-version":[{"id":10466,"href":"https:\/\/www.bibliotecadeseguranca.com.br\/fr\/wp-json\/wp\/v2\/posts\/10464\/revisions\/10466"}],"wp:featuredmedia":[{"embeddable":true,"href":"https:\/\/www.bibliotecadeseguranca.com.br\/fr\/wp-json\/wp\/v2\/media\/10465"}],"wp:attachment":[{"href":"https:\/\/www.bibliotecadeseguranca.com.br\/fr\/wp-json\/wp\/v2\/media?parent=10464"}],"wp:term":[{"taxonomy":"category","embeddable":true,"href":"https:\/\/www.bibliotecadeseguranca.com.br\/fr\/wp-json\/wp\/v2\/categories?post=10464"},{"taxonomy":"post_tag","embeddable":true,"href":"https:\/\/www.bibliotecadeseguranca.com.br\/fr\/wp-json\/wp\/v2\/tags?post=10464"}],"curies":[{"name":"wp","href":"https:\/\/api.w.org\/{rel}","templated":true}]}}