{"id":10370,"date":"2014-02-07T08:31:39","date_gmt":"2014-02-07T11:31:39","guid":{"rendered":"http:\/\/www.bibliotecadeseguranca.com.br\/fr\/?p=10370"},"modified":"2014-02-07T08:32:31","modified_gmt":"2014-02-07T11:32:31","slug":"formacao-em-seguranca-publica-relato-de-experiencias","status":"publish","type":"post","link":"https:\/\/www.bibliotecadeseguranca.com.br\/fr\/livros\/formacao-em-seguranca-publica-relato-de-experiencias\/","title":{"rendered":"Forma\u00e7\u00e3o em Seguran\u00e7a P\u00fablica &#8211; Relato de Experi\u00eancias"},"content":{"rendered":"<p><span style=\"color: #003366;\"><strong><img loading=\"lazy\" decoding=\"async\" class=\"alignleft size-full wp-image-10371\" alt=\"Forma\u00e7\u00e3o em Seguran\u00e7a P\u00fablica - Relato de Experi\u00eancias\" src=\"http:\/\/www.bibliotecadeseguranca.com.br\/fr\/wp-content\/uploads\/2014\/02\/formacao-em-seguranca-publica-relato-de-experiencias.jpg\" width=\"145\" height=\"203\" srcset=\"https:\/\/www.bibliotecadeseguranca.com.br\/fr\/wp-content\/uploads\/2014\/02\/formacao-em-seguranca-publica-relato-de-experiencias.jpg 145w, https:\/\/www.bibliotecadeseguranca.com.br\/fr\/wp-content\/uploads\/2014\/02\/formacao-em-seguranca-publica-relato-de-experiencias-107x150.jpg 107w\" sizes=\"auto, (max-width: 145px) 100vw, 145px\" \/>Elione Maria Nogueira Di\u00f3genes e Eraldo de Souza Ferraz<\/strong><\/span><\/p>\n<p><span style=\"color: #003366;\"><strong>Editor Edufal<\/strong><\/span><\/p>\n<p><span style=\"color: #003366;\"><strong>Descripci\u00f3n:<\/strong><\/span> A obra traz uma colet\u00e2nea de textos que apresenta reflex\u00f5es coletivas de interven\u00e7\u00e3o dos profissionais de seguran\u00e7a p\u00fablica e tem como base o princ\u00edpio \u00e9tico da prote\u00e7\u00e3o \u00e0 dignidade humana nas m\u00faltiplas esferas da sociedade.<\/p>\n","protected":false},"excerpt":{"rendered":"<p>Elione Maria Nogueira Di\u00f3genes e Eraldo de Souza Ferraz Editor Edufal Descripci\u00f3n: A obra traz uma colet\u00e2nea de textos que apresenta reflex\u00f5es coletivas de interven\u00e7\u00e3o dos profissionais de seguran\u00e7a p\u00fablica e tem como base o princ\u00edpio \u00e9tico da prote\u00e7\u00e3o \u00e0 dignidade humana nas m\u00faltiplas esferas da sociedade.<\/p>\n","protected":false},"author":3,"featured_media":10371,"comment_status":"open","ping_status":"closed","sticky":false,"template":"","format":"standard","meta":{"footnotes":""},"categories":[6,25],"tags":[],"class_list":["post-10370","post","type-post","status-publish","format-standard","has-post-thumbnail","hentry","category-livros","category-seguranca-publica-e-defesa"],"views":410,"_links":{"self":[{"href":"https:\/\/www.bibliotecadeseguranca.com.br\/fr\/wp-json\/wp\/v2\/posts\/10370","targetHints":{"allow":["GET"]}}],"collection":[{"href":"https:\/\/www.bibliotecadeseguranca.com.br\/fr\/wp-json\/wp\/v2\/posts"}],"about":[{"href":"https:\/\/www.bibliotecadeseguranca.com.br\/fr\/wp-json\/wp\/v2\/types\/post"}],"author":[{"embeddable":true,"href":"https:\/\/www.bibliotecadeseguranca.com.br\/fr\/wp-json\/wp\/v2\/users\/3"}],"replies":[{"embeddable":true,"href":"https:\/\/www.bibliotecadeseguranca.com.br\/fr\/wp-json\/wp\/v2\/comments?post=10370"}],"version-history":[{"count":1,"href":"https:\/\/www.bibliotecadeseguranca.com.br\/fr\/wp-json\/wp\/v2\/posts\/10370\/revisions"}],"predecessor-version":[{"id":10372,"href":"https:\/\/www.bibliotecadeseguranca.com.br\/fr\/wp-json\/wp\/v2\/posts\/10370\/revisions\/10372"}],"wp:featuredmedia":[{"embeddable":true,"href":"https:\/\/www.bibliotecadeseguranca.com.br\/fr\/wp-json\/wp\/v2\/media\/10371"}],"wp:attachment":[{"href":"https:\/\/www.bibliotecadeseguranca.com.br\/fr\/wp-json\/wp\/v2\/media?parent=10370"}],"wp:term":[{"taxonomy":"category","embeddable":true,"href":"https:\/\/www.bibliotecadeseguranca.com.br\/fr\/wp-json\/wp\/v2\/categories?post=10370"},{"taxonomy":"post_tag","embeddable":true,"href":"https:\/\/www.bibliotecadeseguranca.com.br\/fr\/wp-json\/wp\/v2\/tags?post=10370"}],"curies":[{"name":"wp","href":"https:\/\/api.w.org\/{rel}","templated":true}]}}