{"id":21192,"date":"2026-02-09T14:00:15","date_gmt":"2026-02-09T17:00:15","guid":{"rendered":"https:\/\/www.bibliotecadeseguranca.com.br\/es\/?p=21192"},"modified":"2026-02-09T13:44:47","modified_gmt":"2026-02-09T16:44:47","slug":"revista-prelecao-ano-i-n-15","status":"publish","type":"post","link":"https:\/\/www.bibliotecadeseguranca.com.br\/es\/periodicos-de-seguranca\/revista-prelecao-ano-i-n-15\/","title":{"rendered":"Revista Prele\u00e7\u00e3o \u2013 Ano I \u2013 N\u00b0 15"},"content":{"rendered":"<p><span style=\"color: #003366;\"><strong><img loading=\"lazy\" decoding=\"async\" class=\"alignleft size-full wp-image-21193\" src=\"https:\/\/www.bibliotecadeseguranca.com.br\/es\/wp-content\/uploads\/2026\/02\/revista-prelecao-ano-i-n-15.jpg\" alt=\"Revista Prele\u00e7\u00e3o \u2013 Ano I \u2013 N\u00b0 15\" width=\"145\" height=\"205\" srcset=\"https:\/\/www.bibliotecadeseguranca.com.br\/es\/wp-content\/uploads\/2026\/02\/revista-prelecao-ano-i-n-15.jpg 145w, https:\/\/www.bibliotecadeseguranca.com.br\/es\/wp-content\/uploads\/2026\/02\/revista-prelecao-ano-i-n-15-106x150.jpg 106w\" sizes=\"auto, (max-width: 145px) 100vw, 145px\" \/>Pol\u00edcia Militar do Estado do Esp\u00edrito Santo<\/strong><\/span><\/p>\n<p><span style=\"color: #003366;\"><strong>Descripci\u00f3n:<\/strong><\/span> A d\u00e9cima quinta edi\u00e7\u00e3o da Revista Prele\u00e7\u00e3o nos convida a refletir sobre temas contempor\u00e2neos da seguran\u00e7a p\u00fablica, nos quais a Pol\u00edcia Militar do Esp\u00edrito Santo tem significativa contribui\u00e7\u00e3o.<br \/>\nNesta edi\u00e7\u00e3o, o Conselho Editorial da revista selecionou tr\u00eas artigos cient\u00edficos cujos autores apresentam, com originalidade e atualidade, assuntos de grande relev\u00e2ncia para a investiga\u00e7\u00e3o cient\u00edfica na \u00e1rea das Ci\u00eancias Policiais e da Seguran\u00e7a P\u00fablica.<br \/>\nNos artigos escolhidos, e agora disponibilizados \u00e0 comunidade acad\u00eamica, \u00e9 poss\u00edvel constatar um vi\u00e9s comum que os integram numa edi\u00e7\u00e3o coesa na qual h\u00e1 a abordagem cient\u00edfica de assuntos eminentemente pr\u00e1ticos da atividade policial.<br \/>\nO primeiro artigo aborda a legalidade do uso das intercepta\u00e7\u00f5es telef\u00f5nicas nas opera\u00e7\u00f5es de intelig\u00eancia realizadas pela Pol\u00edcia Militar. Confeccionado pelo Cap QOC Enoni Erlacher, o artigo traz ampla an\u00e1lise jur\u00eddica desse fen\u00f5meno, relacionando a legitimidade do uso da intercepta\u00e7\u00e3o telef\u00f5nica pela atividade de intelig\u00eancia da Pol\u00edcia Militar com a garantia e a prote\u00e7\u00e3o dos direitos e garantias fundamentais, por meio de farta fundamenta\u00e7\u00e3o doutrin\u00e1ria, jur\u00eddica e jurisprudencial.<\/p>\n<p><a href=\"https:\/\/www.bibliotecadeseguranca.com.br\/wp-content\/uploads\/2026\/02\/revista-prelecao-ano-i-n-15.pdf\" target=\"_blank\" rel=\"noopener\"><img loading=\"lazy\" decoding=\"async\" class=\"alignleft wp-image-11252 size-full\" src=\"https:\/\/www.bibliotecadeseguranca.com.br\/es\/wp-content\/uploads\/2014\/08\/descargar.gif\" alt=\"Descargar\" width=\"93\" height=\"25\" \/><\/a><\/p>\n","protected":false},"excerpt":{"rendered":"<p>Pol\u00edcia Militar do Estado do Esp\u00edrito Santo Descripci\u00f3n: A d\u00e9cima quinta edi\u00e7\u00e3o da Revista Prele\u00e7\u00e3o nos convida a refletir sobre temas contempor\u00e2neos da seguran\u00e7a p\u00fablica, nos quais a Pol\u00edcia Militar do Esp\u00edrito Santo tem significativa contribui\u00e7\u00e3o. Nesta edi\u00e7\u00e3o, o Conselho Editorial da revista selecionou tr\u00eas artigos cient\u00edficos cujos autores apresentam, com originalidade e atualidade, assuntos de grande relev\u00e2ncia para a investiga\u00e7\u00e3o cient\u00edfica na \u00e1rea das Ci\u00eancias Policiais e da Seguran\u00e7a&hellip; <\/p>\n","protected":false},"author":3,"featured_media":21193,"comment_status":"open","ping_status":"closed","sticky":false,"template":"","format":"standard","meta":{"footnotes":""},"categories":[112,71,128],"tags":[],"class_list":["post-21192","post","type-post","status-publish","format-standard","has-post-thumbnail","hentry","category-download","category-periodicos-de-seguranca","category-revista-prelecao"],"views":47,"_links":{"self":[{"href":"https:\/\/www.bibliotecadeseguranca.com.br\/es\/wp-json\/wp\/v2\/posts\/21192","targetHints":{"allow":["GET"]}}],"collection":[{"href":"https:\/\/www.bibliotecadeseguranca.com.br\/es\/wp-json\/wp\/v2\/posts"}],"about":[{"href":"https:\/\/www.bibliotecadeseguranca.com.br\/es\/wp-json\/wp\/v2\/types\/post"}],"author":[{"embeddable":true,"href":"https:\/\/www.bibliotecadeseguranca.com.br\/es\/wp-json\/wp\/v2\/users\/3"}],"replies":[{"embeddable":true,"href":"https:\/\/www.bibliotecadeseguranca.com.br\/es\/wp-json\/wp\/v2\/comments?post=21192"}],"version-history":[{"count":1,"href":"https:\/\/www.bibliotecadeseguranca.com.br\/es\/wp-json\/wp\/v2\/posts\/21192\/revisions"}],"predecessor-version":[{"id":21194,"href":"https:\/\/www.bibliotecadeseguranca.com.br\/es\/wp-json\/wp\/v2\/posts\/21192\/revisions\/21194"}],"wp:featuredmedia":[{"embeddable":true,"href":"https:\/\/www.bibliotecadeseguranca.com.br\/es\/wp-json\/wp\/v2\/media\/21193"}],"wp:attachment":[{"href":"https:\/\/www.bibliotecadeseguranca.com.br\/es\/wp-json\/wp\/v2\/media?parent=21192"}],"wp:term":[{"taxonomy":"category","embeddable":true,"href":"https:\/\/www.bibliotecadeseguranca.com.br\/es\/wp-json\/wp\/v2\/categories?post=21192"},{"taxonomy":"post_tag","embeddable":true,"href":"https:\/\/www.bibliotecadeseguranca.com.br\/es\/wp-json\/wp\/v2\/tags?post=21192"}],"curies":[{"name":"wp","href":"https:\/\/api.w.org\/{rel}","templated":true}]}}