{"id":20114,"date":"2024-10-18T14:00:29","date_gmt":"2024-10-18T17:00:29","guid":{"rendered":"https:\/\/www.bibliotecadeseguranca.com.br\/es\/?p=20114"},"modified":"2024-10-18T13:34:03","modified_gmt":"2024-10-18T16:34:03","slug":"manual-formativo-en-prevencion-y-resolucion-de-conflictos","status":"publish","type":"post","link":"https:\/\/www.bibliotecadeseguranca.com.br\/es\/livros\/manual-formativo-en-prevencion-y-resolucion-de-conflictos\/","title":{"rendered":"Manual Formativo en Prevenci\u00f3n y Resoluci\u00f3n de Conflictos"},"content":{"rendered":"<p><span style=\"color: #003366;\"><strong><img loading=\"lazy\" decoding=\"async\" class=\"alignleft size-full wp-image-20115\" src=\"https:\/\/www.bibliotecadeseguranca.com.br\/es\/wp-content\/uploads\/2024\/10\/manual-formativo-en-prevencion-y-resolucion-de-conflictos.jpg\" alt=\"Manual Formativo en Prevenci\u00f3n y Resoluci\u00f3n de Conflictos\" width=\"145\" height=\"205\" srcset=\"https:\/\/www.bibliotecadeseguranca.com.br\/es\/wp-content\/uploads\/2024\/10\/manual-formativo-en-prevencion-y-resolucion-de-conflictos.jpg 145w, https:\/\/www.bibliotecadeseguranca.com.br\/es\/wp-content\/uploads\/2024\/10\/manual-formativo-en-prevencion-y-resolucion-de-conflictos-106x150.jpg 106w\" sizes=\"auto, (max-width: 145px) 100vw, 145px\" \/>Programa de Naciones Unidas para el Desarrollo (PNUD)<\/strong><\/span><\/p>\n<p><span style=\"color: #003366;\"><strong>Descripci\u00f3n:<\/strong><\/span> El conflicto no es en s\u00ed mismo un fen\u00f3meno negativo, al contrario, el conflicto no violento puede ser un componente esencial para el cambio social y el desarrollo. La resoluci\u00f3n pac\u00edfica del confiicto es posible cuando existen espacios democr\u00e1ticos y estructuras comunitarias, territoriales y nacionales del Estado y de la sociedad civil para gestionar intereses incompatibles. El conflicto se vuelve problem\u00e1tico cuando los mecanismos e instituciones para la gesti\u00f3n y resoluci\u00f3n del conflicto se rompen, dando paso a la violencia. Prevenir este espiral negativo y garantizar la resoluci\u00f3n pac\u00edfica de disputas es un inter\u00e9s central de los estados y de la comunidad internacional. El desaf\u00edo es promover la transformaci\u00f3n social positiva, mientras se previenen y se mitigan los riesgos e impactos potenciales de conflictos violentos y da\u00f1inos.<\/p>\n<p><a href=\"https:\/\/www.bibliotecadeseguranca.com.br\/wp-content\/uploads\/2024\/10\/manual-formativo-en-prevencion-y-resolucion-de-conflictos.pdf\" target=\"_blank\" rel=\"noopener\"><img loading=\"lazy\" decoding=\"async\" class=\"alignleft wp-image-11252 size-full\" src=\"https:\/\/www.bibliotecadeseguranca.com.br\/es\/wp-content\/uploads\/2014\/08\/descargar.gif\" alt=\"Descargar\" width=\"93\" height=\"25\" \/><\/a><\/p>\n","protected":false},"excerpt":{"rendered":"<p>Programa de Naciones Unidas para el Desarrollo (PNUD) Descripci\u00f3n: El conflicto no es en s\u00ed mismo un fen\u00f3meno negativo, al contrario, el conflicto no violento puede ser un componente esencial para el cambio social y el desarrollo. La resoluci\u00f3n pac\u00edfica del confiicto es posible cuando existen espacios democr\u00e1ticos y estructuras comunitarias, territoriales y nacionales del Estado y de la sociedad civil para gestionar intereses incompatibles. El conflicto se vuelve problem\u00e1tico&hellip; <\/p>\n","protected":false},"author":3,"featured_media":20115,"comment_status":"open","ping_status":"closed","sticky":false,"template":"","format":"standard","meta":{"footnotes":""},"categories":[112,81,6,25],"tags":[],"class_list":["post-20114","post","type-post","status-publish","format-standard","has-post-thumbnail","hentry","category-download","category-espanol","category-livros","category-seguranca-publica-e-defesa"],"views":475,"_links":{"self":[{"href":"https:\/\/www.bibliotecadeseguranca.com.br\/es\/wp-json\/wp\/v2\/posts\/20114","targetHints":{"allow":["GET"]}}],"collection":[{"href":"https:\/\/www.bibliotecadeseguranca.com.br\/es\/wp-json\/wp\/v2\/posts"}],"about":[{"href":"https:\/\/www.bibliotecadeseguranca.com.br\/es\/wp-json\/wp\/v2\/types\/post"}],"author":[{"embeddable":true,"href":"https:\/\/www.bibliotecadeseguranca.com.br\/es\/wp-json\/wp\/v2\/users\/3"}],"replies":[{"embeddable":true,"href":"https:\/\/www.bibliotecadeseguranca.com.br\/es\/wp-json\/wp\/v2\/comments?post=20114"}],"version-history":[{"count":1,"href":"https:\/\/www.bibliotecadeseguranca.com.br\/es\/wp-json\/wp\/v2\/posts\/20114\/revisions"}],"predecessor-version":[{"id":20116,"href":"https:\/\/www.bibliotecadeseguranca.com.br\/es\/wp-json\/wp\/v2\/posts\/20114\/revisions\/20116"}],"wp:featuredmedia":[{"embeddable":true,"href":"https:\/\/www.bibliotecadeseguranca.com.br\/es\/wp-json\/wp\/v2\/media\/20115"}],"wp:attachment":[{"href":"https:\/\/www.bibliotecadeseguranca.com.br\/es\/wp-json\/wp\/v2\/media?parent=20114"}],"wp:term":[{"taxonomy":"category","embeddable":true,"href":"https:\/\/www.bibliotecadeseguranca.com.br\/es\/wp-json\/wp\/v2\/categories?post=20114"},{"taxonomy":"post_tag","embeddable":true,"href":"https:\/\/www.bibliotecadeseguranca.com.br\/es\/wp-json\/wp\/v2\/tags?post=20114"}],"curies":[{"name":"wp","href":"https:\/\/api.w.org\/{rel}","templated":true}]}}