{"id":18686,"date":"2023-01-23T14:00:20","date_gmt":"2023-01-23T17:00:20","guid":{"rendered":"https:\/\/www.bibliotecadeseguranca.com.br\/es\/?p=18686"},"modified":"2023-01-23T12:45:07","modified_gmt":"2023-01-23T15:45:07","slug":"licoes-avancadas-de-seguranca-publica","status":"publish","type":"post","link":"https:\/\/www.bibliotecadeseguranca.com.br\/es\/livros\/licoes-avancadas-de-seguranca-publica\/","title":{"rendered":"Li\u00e7\u00f5es Avan\u00e7adas de Seguran\u00e7a P\u00fablica"},"content":{"rendered":"<p><span style=\"color: #003366;\"><strong><img loading=\"lazy\" decoding=\"async\" class=\"alignleft size-full wp-image-18687\" src=\"https:\/\/www.bibliotecadeseguranca.com.br\/es\/wp-content\/uploads\/2023\/01\/licoes-avancadas-de-seguranca-publica.jpg\" alt=\"Li\u00e7\u00f5es Avan\u00e7adas de Seguran\u00e7a P\u00fablica\" width=\"145\" height=\"205\" srcset=\"https:\/\/www.bibliotecadeseguranca.com.br\/es\/wp-content\/uploads\/2023\/01\/licoes-avancadas-de-seguranca-publica.jpg 145w, https:\/\/www.bibliotecadeseguranca.com.br\/es\/wp-content\/uploads\/2023\/01\/licoes-avancadas-de-seguranca-publica-106x150.jpg 106w\" sizes=\"auto, (max-width: 145px) 100vw, 145px\" \/>Roberto Ant\u00f4nio Dar\u00f3s Malaquias<\/strong><\/span><\/p>\n<p><span style=\"color: #003366;\"><strong>Editor Juru\u00e1<\/strong><\/span><\/p>\n<p><span style=\"color: #003366;\"><strong>Descripci\u00f3n:<\/strong><\/span> O ponto de converg\u00eancia desta obra est\u00e1 na reforma da seguran\u00e7a p\u00fablica como um fator imprescind\u00edvel para a mudan\u00e7a dessa realidade catastr\u00f3fica em que vive o cidad\u00e3o brasileiro cercado pelo medo, inseguran\u00e7a, viol\u00eancia urbana e rural, homic\u00eddios e todos os demais crimes dolosos contra a vida, al\u00e9m da generalidade dos outros delitos que transformam as atividades di\u00e1rias das fam\u00edlias em verdadeiro terror social. O mundo acad\u00eamico carece de obras que abordem temas t\u00e3o relevantes sobre o fen\u00f4meno criminol\u00f3gico e tragam solu\u00e7\u00f5es inteligentes baseadas na Ci\u00eancia Policial que saibam miscigenar a experi\u00eancia laboral destes nobres pesquisadores e dos demais operadores da seguran\u00e7a p\u00fablica ao conhecimento puro extra\u00eddo da filosofia e da dogm\u00e1tica jur\u00eddica. (&#8230;) Como considera\u00e7\u00f5es finais, devo registrar que o Prof. Me. Roberto Ant\u00f4nio Dar\u00f3s Malaquias sempre demonstrou seu compromisso com os valores supremos que fundamentam nossa Constitui\u00e7\u00e3o Federal de 1988: a liberdade, a fraternidade, a igualdade, o bem-estar, o desenvolvimento, a seguran\u00e7a e a justi\u00e7a. A atitude de lideran\u00e7a na coordena\u00e7\u00e3o e orienta\u00e7\u00e3o desta obra coletiva \u00e9 sua marca pessoal, motivando os demais Autores\/Colaboradores a desenvolverem pesquisas acad\u00eamicas de elevado n\u00edvel cient\u00edfico somando esfor\u00e7os em busca de novas pol\u00edticas p\u00fablicas estruturantes para a \u00e1rea da seguran\u00e7a p\u00fablica e defesa social. Desta forma, recomendo a leitura atenta e cr\u00edtica desta excelente obra coletiva que, tenho certeza, servir\u00e1 como referencial te\u00f3rico dogm\u00e1tico aos policiais, operadores do Direito, das Ci\u00eancias Penais, das Ci\u00eancias Policiais e parlamentares que buscam uma solu\u00e7\u00e3o ao complexo problema da criminalidade para a constru\u00e7\u00e3o da democracia brasileira. Desejo uma excelente leitura a todos.<\/p>\n","protected":false},"excerpt":{"rendered":"<p>Roberto Ant\u00f4nio Dar\u00f3s Malaquias Editor Juru\u00e1 Descripci\u00f3n: O ponto de converg\u00eancia desta obra est\u00e1 na reforma da seguran\u00e7a p\u00fablica como um fator imprescind\u00edvel para a mudan\u00e7a dessa realidade catastr\u00f3fica em que vive o cidad\u00e3o brasileiro cercado pelo medo, inseguran\u00e7a, viol\u00eancia urbana e rural, homic\u00eddios e todos os demais crimes dolosos contra a vida, al\u00e9m da generalidade dos outros delitos que transformam as atividades di\u00e1rias das fam\u00edlias em verdadeiro terror social.&hellip; <\/p>\n","protected":false},"author":3,"featured_media":18687,"comment_status":"open","ping_status":"closed","sticky":false,"template":"","format":"standard","meta":{"footnotes":""},"categories":[6,25],"tags":[],"class_list":["post-18686","post","type-post","status-publish","format-standard","has-post-thumbnail","hentry","category-livros","category-seguranca-publica-e-defesa"],"views":279,"_links":{"self":[{"href":"https:\/\/www.bibliotecadeseguranca.com.br\/es\/wp-json\/wp\/v2\/posts\/18686","targetHints":{"allow":["GET"]}}],"collection":[{"href":"https:\/\/www.bibliotecadeseguranca.com.br\/es\/wp-json\/wp\/v2\/posts"}],"about":[{"href":"https:\/\/www.bibliotecadeseguranca.com.br\/es\/wp-json\/wp\/v2\/types\/post"}],"author":[{"embeddable":true,"href":"https:\/\/www.bibliotecadeseguranca.com.br\/es\/wp-json\/wp\/v2\/users\/3"}],"replies":[{"embeddable":true,"href":"https:\/\/www.bibliotecadeseguranca.com.br\/es\/wp-json\/wp\/v2\/comments?post=18686"}],"version-history":[{"count":1,"href":"https:\/\/www.bibliotecadeseguranca.com.br\/es\/wp-json\/wp\/v2\/posts\/18686\/revisions"}],"predecessor-version":[{"id":18688,"href":"https:\/\/www.bibliotecadeseguranca.com.br\/es\/wp-json\/wp\/v2\/posts\/18686\/revisions\/18688"}],"wp:featuredmedia":[{"embeddable":true,"href":"https:\/\/www.bibliotecadeseguranca.com.br\/es\/wp-json\/wp\/v2\/media\/18687"}],"wp:attachment":[{"href":"https:\/\/www.bibliotecadeseguranca.com.br\/es\/wp-json\/wp\/v2\/media?parent=18686"}],"wp:term":[{"taxonomy":"category","embeddable":true,"href":"https:\/\/www.bibliotecadeseguranca.com.br\/es\/wp-json\/wp\/v2\/categories?post=18686"},{"taxonomy":"post_tag","embeddable":true,"href":"https:\/\/www.bibliotecadeseguranca.com.br\/es\/wp-json\/wp\/v2\/tags?post=18686"}],"curies":[{"name":"wp","href":"https:\/\/api.w.org\/{rel}","templated":true}]}}