{"id":18673,"date":"2023-01-17T14:00:31","date_gmt":"2023-01-17T17:00:31","guid":{"rendered":"https:\/\/www.bibliotecadeseguranca.com.br\/es\/?p=18673"},"modified":"2023-01-17T12:54:23","modified_gmt":"2023-01-17T15:54:23","slug":"cartilha-de-seguranca","status":"publish","type":"post","link":"https:\/\/www.bibliotecadeseguranca.com.br\/es\/livros\/cartilha-de-seguranca\/","title":{"rendered":"Cartilha de Seguran\u00e7a"},"content":{"rendered":"<p><span style=\"color: #003366;\"><strong><img loading=\"lazy\" decoding=\"async\" class=\"alignleft size-full wp-image-18674\" src=\"https:\/\/www.bibliotecadeseguranca.com.br\/es\/wp-content\/uploads\/2023\/01\/cartilha-de-seguranca.jpg\" alt=\"Cartilha de Seguran\u00e7a\" width=\"145\" height=\"205\" srcset=\"https:\/\/www.bibliotecadeseguranca.com.br\/es\/wp-content\/uploads\/2023\/01\/cartilha-de-seguranca.jpg 145w, https:\/\/www.bibliotecadeseguranca.com.br\/es\/wp-content\/uploads\/2023\/01\/cartilha-de-seguranca-106x150.jpg 106w\" sizes=\"auto, (max-width: 145px) 100vw, 145px\" \/>Conselho Nacional do Minist\u00e9rio P\u00fablico<\/strong><\/span><\/p>\n<p><span style=\"color: #003366;\"><strong>Descripci\u00f3n:<\/strong><\/span> O Minist\u00e9rio P\u00fablico, com o advento da Constitui\u00e7\u00e3o de 1988, sofreu amplas transforma\u00e7\u00f5es institucionais ocasionadas pela aposi\u00e7\u00e3o normativa de vastas responsabilidades de defesa social e do ser humano nas mais diversas necessidades de prote\u00e7\u00e3o, bem como pela disponibiliza\u00e7\u00e3o de relevantes instrumentais processuais para a concretiza\u00e7\u00e3o dessa tutela.<br \/>\nEm raz\u00e3o dessa realidade constitucional houve o engrandecimento da Institui\u00e7\u00e3o em todas as vertentes imprescind\u00edveis \u00e0 concretiza\u00e7\u00e3o daquelas \u00e1rduas miss\u00f5es em prol da defesa da ordem p\u00fablica e do regime democr\u00e1tico. Por outras palavras, os ativos humanos, materiais, prediais e tecnol\u00f3gicos robusteceram quantitativamente e qualitativamente, como consequ\u00eancia da imprescindibilidade de bem cumprir os pap\u00e9is outorgados pela Lei Maior.<br \/>\nComo consequ\u00eancia do exerc\u00edcio das responsabilidades constitucionais adveio um enorme protagonismo social e uma maior exposi\u00e7\u00e3o aos riscos de a\u00e7\u00f5es adversas de naturezas pl\u00farimas, destinadas a barrar a dissemina\u00e7\u00e3o da distribui\u00e7\u00e3o da Justi\u00e7a e as a\u00e7\u00f5es em prol da outorga de dignidade e do bem comum aos titulares dos direitos.<br \/>\nParalelo a esse panorama constitucional, muta\u00e7\u00f5es sociais e comportamentais avolumaram-se nas \u00faltimas d\u00e9cadas decorrentes da globaliza\u00e7\u00e3o e da evolu\u00e7\u00e3o tecnol\u00f3gica, e com elas novos riscos passaram a ser diagnosticados, vulnerantes n\u00e3o apenas aos seres humanos, mas tamb\u00e9m aos \u00f3rg\u00e3os do Minist\u00e9rio P\u00fablico (nesse contexto destacam-se as a\u00e7\u00f5es hostis engendradas no ambiente cibern\u00e9tico).<\/p>\n<p><a href=\"https:\/\/www.bibliotecadeseguranca.com.br\/wp-content\/uploads\/2023\/01\/cartilha-de-seguranca.pdf\" target=\"_blank\" rel=\"noopener\"><img loading=\"lazy\" decoding=\"async\" class=\"alignleft wp-image-11252 size-full\" src=\"https:\/\/www.bibliotecadeseguranca.com.br\/es\/wp-content\/uploads\/2014\/08\/descargar.gif\" alt=\"Descargar\" width=\"93\" height=\"25\" \/><\/a><\/p>\n","protected":false},"excerpt":{"rendered":"<p>Conselho Nacional do Minist\u00e9rio P\u00fablico Descripci\u00f3n: O Minist\u00e9rio P\u00fablico, com o advento da Constitui\u00e7\u00e3o de 1988, sofreu amplas transforma\u00e7\u00f5es institucionais ocasionadas pela aposi\u00e7\u00e3o normativa de vastas responsabilidades de defesa social e do ser humano nas mais diversas necessidades de prote\u00e7\u00e3o, bem como pela disponibiliza\u00e7\u00e3o de relevantes instrumentais processuais para a concretiza\u00e7\u00e3o dessa tutela. Em raz\u00e3o dessa realidade constitucional houve o engrandecimento da Institui\u00e7\u00e3o em todas as vertentes imprescind\u00edveis \u00e0 concretiza\u00e7\u00e3o&hellip; <\/p>\n","protected":false},"author":3,"featured_media":18674,"comment_status":"open","ping_status":"closed","sticky":false,"template":"","format":"standard","meta":{"footnotes":""},"categories":[112,23,6,20],"tags":[],"class_list":["post-18673","post","type-post","status-publish","format-standard","has-post-thumbnail","hentry","category-download","category-gestao-da-seguranca-empresarial","category-livros","category-seguranca-da-informacao"],"views":366,"_links":{"self":[{"href":"https:\/\/www.bibliotecadeseguranca.com.br\/es\/wp-json\/wp\/v2\/posts\/18673","targetHints":{"allow":["GET"]}}],"collection":[{"href":"https:\/\/www.bibliotecadeseguranca.com.br\/es\/wp-json\/wp\/v2\/posts"}],"about":[{"href":"https:\/\/www.bibliotecadeseguranca.com.br\/es\/wp-json\/wp\/v2\/types\/post"}],"author":[{"embeddable":true,"href":"https:\/\/www.bibliotecadeseguranca.com.br\/es\/wp-json\/wp\/v2\/users\/3"}],"replies":[{"embeddable":true,"href":"https:\/\/www.bibliotecadeseguranca.com.br\/es\/wp-json\/wp\/v2\/comments?post=18673"}],"version-history":[{"count":1,"href":"https:\/\/www.bibliotecadeseguranca.com.br\/es\/wp-json\/wp\/v2\/posts\/18673\/revisions"}],"predecessor-version":[{"id":18675,"href":"https:\/\/www.bibliotecadeseguranca.com.br\/es\/wp-json\/wp\/v2\/posts\/18673\/revisions\/18675"}],"wp:featuredmedia":[{"embeddable":true,"href":"https:\/\/www.bibliotecadeseguranca.com.br\/es\/wp-json\/wp\/v2\/media\/18674"}],"wp:attachment":[{"href":"https:\/\/www.bibliotecadeseguranca.com.br\/es\/wp-json\/wp\/v2\/media?parent=18673"}],"wp:term":[{"taxonomy":"category","embeddable":true,"href":"https:\/\/www.bibliotecadeseguranca.com.br\/es\/wp-json\/wp\/v2\/categories?post=18673"},{"taxonomy":"post_tag","embeddable":true,"href":"https:\/\/www.bibliotecadeseguranca.com.br\/es\/wp-json\/wp\/v2\/tags?post=18673"}],"curies":[{"name":"wp","href":"https:\/\/api.w.org\/{rel}","templated":true}]}}