{"id":17773,"date":"2021-12-10T14:00:47","date_gmt":"2021-12-10T17:00:47","guid":{"rendered":"https:\/\/www.bibliotecadeseguranca.com.br\/es\/?p=17773"},"modified":"2021-12-10T10:50:12","modified_gmt":"2021-12-10T13:50:12","slug":"ciberseguranca-em-portugal-politicas-publicas","status":"publish","type":"post","link":"https:\/\/www.bibliotecadeseguranca.com.br\/es\/livros\/ciberseguranca-em-portugal-politicas-publicas\/","title":{"rendered":"Ciberseguran\u00e7a em Portugal: Pol\u00edticas P\u00fablicas"},"content":{"rendered":"<p><span style=\"color: #003366;\"><strong><img loading=\"lazy\" decoding=\"async\" class=\"alignleft size-full wp-image-17774\" src=\"https:\/\/www.bibliotecadeseguranca.com.br\/es\/wp-content\/uploads\/2021\/12\/ciberseguranca-em-portugal-politicas-publicas.jpg\" alt=\"Ciberseguran\u00e7a em Portugal: Pol\u00edticas P\u00fablicas\" width=\"145\" height=\"205\" srcset=\"https:\/\/www.bibliotecadeseguranca.com.br\/es\/wp-content\/uploads\/2021\/12\/ciberseguranca-em-portugal-politicas-publicas.jpg 145w, https:\/\/www.bibliotecadeseguranca.com.br\/es\/wp-content\/uploads\/2021\/12\/ciberseguranca-em-portugal-politicas-publicas-106x150.jpg 106w\" sizes=\"auto, (max-width: 145px) 100vw, 145px\" \/>Rui Pedro Louren\u00e7o (Coord.), Catarina Frade, Jos\u00e9 Manuel Mendes, Lu\u00eds Al\u00e7ada-Almeida, Manuel Paulo Albuquerque Melo, Pedro Andr\u00e9 Ribeiro Madeira Cunha Cerqueira, Sarah Carreira da Mota<\/strong><\/span><\/p>\n<p><span style=\"color: #003366;\"><strong>Faculdade de Economia da Universidade de Coimbra e CNCS<\/strong><\/span><\/p>\n<p><span style=\"color: #003366;\"><strong>Descripci\u00f3n:<\/strong><\/span> O presente relat\u00f3rio \u00e9 o primeiro publicado pelo Observat\u00f3rio de Ciberseguran\u00e7a do Centro Nacional de Ciberseguran\u00e7a no \u00e2mbito da sua Linha de Observa\u00e7\u00e3o Pol\u00edticas P\u00fablicas. No quadro da sua miss\u00e3o, o Observat\u00f3rio de Ciberseguran\u00e7a tem como um dos seus objetivos:<\/p>\n<p>\u201c(\u2026) fornecer dados para a cria\u00e7\u00e3o de pol\u00edticas p\u00fablicas informadas e conscientes do estado do pa\u00eds nesta mat\u00e9ria. Ao mesmo tempo, pretende mapear as pol\u00edticas que s\u00e3o desenvolvidas de modo a fornecer um panorama e umacompara\u00e7\u00e3o entre pa\u00edses, identificando claramente a posi\u00e7\u00e3o de Portugal a este respeito. A linha de observa\u00e7\u00e3o Pol\u00edticas P\u00fablicas pretende dar resposta a esta necessidade.\u201d<\/p>\n<p>Para concretizar este objetivo foram determinadas duas tarefas. A primeira consistia num levantamento e sistematiza\u00e7\u00e3o t\u00e3o exaustivo quanto poss\u00edvel das Estrat\u00e9gias e Programas P\u00fablicos nacionais relacionados com a ciberseguran\u00e7a. A segunda tarefa compreendia uma identifica\u00e7\u00e3o e an\u00e1lise de indicadores dispon\u00edveis sobre perce\u00e7\u00f5es dos cidad\u00e3os na interse\u00e7\u00e3o entre pol\u00edticas p\u00fablicas e seguran\u00e7a do ciberespa\u00e7o, indicadores esses que, n\u00e3o s\u00f3 dessem conta do panorama nacional, mas tamb\u00e9m permitissem conhecer o posicionamento de Portugal no contexto da Uni\u00e3o Europeia.<\/p>\n<p><a href=\"https:\/\/www.bibliotecadeseguranca.com.br\/wp-content\/uploads\/2021\/12\/ciberseguranca-em-portugal-politicas-publicas.pdf\" target=\"_blank\" rel=\"noopener\"><img loading=\"lazy\" decoding=\"async\" class=\"alignleft wp-image-11252 size-full\" src=\"https:\/\/www.bibliotecadeseguranca.com.br\/es\/wp-content\/uploads\/2014\/08\/descargar.gif\" alt=\"Descargar\" width=\"93\" height=\"25\" \/><\/a><\/p>\n","protected":false},"excerpt":{"rendered":"<p>Rui Pedro Louren\u00e7o (Coord.), Catarina Frade, Jos\u00e9 Manuel Mendes, Lu\u00eds Al\u00e7ada-Almeida, Manuel Paulo Albuquerque Melo, Pedro Andr\u00e9 Ribeiro Madeira Cunha Cerqueira, Sarah Carreira da Mota Faculdade de Economia da Universidade de Coimbra e CNCS Descripci\u00f3n: O presente relat\u00f3rio \u00e9 o primeiro publicado pelo Observat\u00f3rio de Ciberseguran\u00e7a do Centro Nacional de Ciberseguran\u00e7a no \u00e2mbito da sua Linha de Observa\u00e7\u00e3o Pol\u00edticas P\u00fablicas. No quadro da sua miss\u00e3o, o Observat\u00f3rio de Ciberseguran\u00e7a tem&hellip; <\/p>\n","protected":false},"author":3,"featured_media":17774,"comment_status":"open","ping_status":"closed","sticky":false,"template":"","format":"standard","meta":{"footnotes":""},"categories":[112,6,20],"tags":[],"class_list":["post-17773","post","type-post","status-publish","format-standard","has-post-thumbnail","hentry","category-download","category-livros","category-seguranca-da-informacao"],"views":264,"_links":{"self":[{"href":"https:\/\/www.bibliotecadeseguranca.com.br\/es\/wp-json\/wp\/v2\/posts\/17773","targetHints":{"allow":["GET"]}}],"collection":[{"href":"https:\/\/www.bibliotecadeseguranca.com.br\/es\/wp-json\/wp\/v2\/posts"}],"about":[{"href":"https:\/\/www.bibliotecadeseguranca.com.br\/es\/wp-json\/wp\/v2\/types\/post"}],"author":[{"embeddable":true,"href":"https:\/\/www.bibliotecadeseguranca.com.br\/es\/wp-json\/wp\/v2\/users\/3"}],"replies":[{"embeddable":true,"href":"https:\/\/www.bibliotecadeseguranca.com.br\/es\/wp-json\/wp\/v2\/comments?post=17773"}],"version-history":[{"count":1,"href":"https:\/\/www.bibliotecadeseguranca.com.br\/es\/wp-json\/wp\/v2\/posts\/17773\/revisions"}],"predecessor-version":[{"id":17775,"href":"https:\/\/www.bibliotecadeseguranca.com.br\/es\/wp-json\/wp\/v2\/posts\/17773\/revisions\/17775"}],"wp:featuredmedia":[{"embeddable":true,"href":"https:\/\/www.bibliotecadeseguranca.com.br\/es\/wp-json\/wp\/v2\/media\/17774"}],"wp:attachment":[{"href":"https:\/\/www.bibliotecadeseguranca.com.br\/es\/wp-json\/wp\/v2\/media?parent=17773"}],"wp:term":[{"taxonomy":"category","embeddable":true,"href":"https:\/\/www.bibliotecadeseguranca.com.br\/es\/wp-json\/wp\/v2\/categories?post=17773"},{"taxonomy":"post_tag","embeddable":true,"href":"https:\/\/www.bibliotecadeseguranca.com.br\/es\/wp-json\/wp\/v2\/tags?post=17773"}],"curies":[{"name":"wp","href":"https:\/\/api.w.org\/{rel}","templated":true}]}}