{"id":17409,"date":"2021-07-08T14:00:30","date_gmt":"2021-07-08T17:00:30","guid":{"rendered":"https:\/\/www.bibliotecadeseguranca.com.br\/es\/?p=17409"},"modified":"2021-07-08T12:59:23","modified_gmt":"2021-07-08T15:59:23","slug":"patron-du-raid-face-aux-attentats-terroristes","status":"publish","type":"post","link":"https:\/\/www.bibliotecadeseguranca.com.br\/es\/livros\/patron-du-raid-face-aux-attentats-terroristes\/","title":{"rendered":"Patron du Raid: Face aux attentats terroristes"},"content":{"rendered":"<p><span style=\"color: #003366;\"><strong><img loading=\"lazy\" decoding=\"async\" class=\"alignleft size-full wp-image-17410\" src=\"https:\/\/www.bibliotecadeseguranca.com.br\/es\/wp-content\/uploads\/2021\/07\/patron-du-raid-face-aux-attentats-terroristes.jpg\" alt=\"Patron du Raid: Face aux attentats terroristes\" width=\"145\" height=\"234\" srcset=\"https:\/\/www.bibliotecadeseguranca.com.br\/es\/wp-content\/uploads\/2021\/07\/patron-du-raid-face-aux-attentats-terroristes.jpg 145w, https:\/\/www.bibliotecadeseguranca.com.br\/es\/wp-content\/uploads\/2021\/07\/patron-du-raid-face-aux-attentats-terroristes-93x150.jpg 93w\" sizes=\"auto, (max-width: 145px) 100vw, 145px\" \/>Jean-Michel Fauvergue, Caroline de Juglart<\/strong><\/span><\/p>\n<p><span style=\"color: #003366;\"><strong>Editor Mareuil \u00c9ditions<\/strong><\/span><\/p>\n<p><span style=\"color: #003366;\"><strong>Descripci\u00f3n:<\/strong><\/span> &#8220;Ce livre va bien au-del\u00e0 d&#8217;une simple histoire de vie&#8230; C&#8217;est la trace de tout ce que mon unit\u00e9 et moi-m\u00eame avons v\u00e9cu pendant quatre ans, pendant l&#8217;une des p\u00e9riodes les plus troubl\u00e9es en France depuis plus de vingt ans. Je voulais t\u00e9moigner. Je voulais raconter de l&#8217;int\u00e9rieur. Pour moi, c&#8217;\u00e9tait une n\u00e9cessit\u00e9. Une fa\u00e7on de poursuivre ma mission et de rendre hommage \u00e0 tous ceux qui font le RAID. \u00bb<\/p>\n","protected":false},"excerpt":{"rendered":"<p>Jean-Michel Fauvergue, Caroline de Juglart Editor Mareuil \u00c9ditions Descripci\u00f3n: &#8220;Ce livre va bien au-del\u00e0 d&#8217;une simple histoire de vie&#8230; C&#8217;est la trace de tout ce que mon unit\u00e9 et moi-m\u00eame avons v\u00e9cu pendant quatre ans, pendant l&#8217;une des p\u00e9riodes les plus troubl\u00e9es en France depuis plus de vingt ans. Je voulais t\u00e9moigner. Je voulais raconter de l&#8217;int\u00e9rieur. Pour moi, c&#8217;\u00e9tait une n\u00e9cessit\u00e9. Une fa\u00e7on de poursuivre ma mission et de&hellip; <\/p>\n","protected":false},"author":3,"featured_media":17410,"comment_status":"open","ping_status":"closed","sticky":false,"template":"","format":"standard","meta":{"footnotes":""},"categories":[109,6,25],"tags":[],"class_list":["post-17409","post","type-post","status-publish","format-standard","has-post-thumbnail","hentry","category-francais","category-livros","category-seguranca-publica-e-defesa"],"views":612,"_links":{"self":[{"href":"https:\/\/www.bibliotecadeseguranca.com.br\/es\/wp-json\/wp\/v2\/posts\/17409","targetHints":{"allow":["GET"]}}],"collection":[{"href":"https:\/\/www.bibliotecadeseguranca.com.br\/es\/wp-json\/wp\/v2\/posts"}],"about":[{"href":"https:\/\/www.bibliotecadeseguranca.com.br\/es\/wp-json\/wp\/v2\/types\/post"}],"author":[{"embeddable":true,"href":"https:\/\/www.bibliotecadeseguranca.com.br\/es\/wp-json\/wp\/v2\/users\/3"}],"replies":[{"embeddable":true,"href":"https:\/\/www.bibliotecadeseguranca.com.br\/es\/wp-json\/wp\/v2\/comments?post=17409"}],"version-history":[{"count":1,"href":"https:\/\/www.bibliotecadeseguranca.com.br\/es\/wp-json\/wp\/v2\/posts\/17409\/revisions"}],"predecessor-version":[{"id":17411,"href":"https:\/\/www.bibliotecadeseguranca.com.br\/es\/wp-json\/wp\/v2\/posts\/17409\/revisions\/17411"}],"wp:featuredmedia":[{"embeddable":true,"href":"https:\/\/www.bibliotecadeseguranca.com.br\/es\/wp-json\/wp\/v2\/media\/17410"}],"wp:attachment":[{"href":"https:\/\/www.bibliotecadeseguranca.com.br\/es\/wp-json\/wp\/v2\/media?parent=17409"}],"wp:term":[{"taxonomy":"category","embeddable":true,"href":"https:\/\/www.bibliotecadeseguranca.com.br\/es\/wp-json\/wp\/v2\/categories?post=17409"},{"taxonomy":"post_tag","embeddable":true,"href":"https:\/\/www.bibliotecadeseguranca.com.br\/es\/wp-json\/wp\/v2\/tags?post=17409"}],"curies":[{"name":"wp","href":"https:\/\/api.w.org\/{rel}","templated":true}]}}