{"id":17035,"date":"2021-02-01T14:00:32","date_gmt":"2021-02-01T17:00:32","guid":{"rendered":"https:\/\/www.bibliotecadeseguranca.com.br\/es\/?p=17035"},"modified":"2021-01-28T12:42:22","modified_gmt":"2021-01-28T15:42:22","slug":"matriz-curricular-nacional-para-acoes-formativas-dos-profissionais-de-area-de-seguranca-publica","status":"publish","type":"post","link":"https:\/\/www.bibliotecadeseguranca.com.br\/es\/livros\/matriz-curricular-nacional-para-acoes-formativas-dos-profissionais-de-area-de-seguranca-publica\/","title":{"rendered":"Matriz Curricular Nacional &#8211; Para A\u00e7\u00f5es Formativas dos Profissionais de \u00c1rea de Seguran\u00e7a P\u00fablica"},"content":{"rendered":"<p><span style=\"color: #003366;\"><strong><img loading=\"lazy\" decoding=\"async\" class=\"alignleft size-full wp-image-17036\" src=\"https:\/\/www.bibliotecadeseguranca.com.br\/es\/wp-content\/uploads\/2021\/01\/matriz-curricular-nacional-para-acoes-formativas-dos-profissionais-de-area-de-seguranca-publica.jpg\" alt=\"Matriz Curricular Nacional - Para A\u00e7\u00f5es Formativas dos Profissionais de \u00c1rea de Seguran\u00e7a P\u00fablica\" width=\"145\" height=\"205\" srcset=\"https:\/\/www.bibliotecadeseguranca.com.br\/es\/wp-content\/uploads\/2021\/01\/matriz-curricular-nacional-para-acoes-formativas-dos-profissionais-de-area-de-seguranca-publica.jpg 145w, https:\/\/www.bibliotecadeseguranca.com.br\/es\/wp-content\/uploads\/2021\/01\/matriz-curricular-nacional-para-acoes-formativas-dos-profissionais-de-area-de-seguranca-publica-106x150.jpg 106w\" sizes=\"auto, (max-width: 145px) 100vw, 145px\" \/>Minist\u00e9rio da Justi\u00e7a &#8211; Secretaria Nacional de Seguran\u00e7a P\u00fablica &#8211; Brasil<\/strong><\/span><\/p>\n<p><span style=\"color: #003366;\"><strong>Descripci\u00f3n:<\/strong><\/span> A Matriz Curricular Nacional &#8211; doravante denominada Matriz &#8211; caracteriza-se por ser um referencial te\u00f3rico-metodol\u00f3gico para orientar as a\u00e7\u00f5es formativas &#8211; inicial e continuada &#8211; dos profissionais da \u00e1rea de seguran\u00e7a p\u00fablica &#8211; Pol\u00edcia Militar, Pol\u00edcia Civil, Corpo de Bombeiros Militar, independentemente do n\u00edvel ou da modalidade de ensino que se espera atender. Seus eixos articuladores e \u00e1reas tem\u00e1ticas norteiam, hoje, os mais diversos programas e projetos executados pela Secretaria Nacional de Seguran\u00e7a P\u00fablica (SENASP).<br \/>\nApresentada em 2003, num amplo semin\u00e1rio nacional sobre seguran\u00e7a p\u00fablica, que tinha por objetivo divulgar e estimular a\u00e7\u00f5es formativas no \u00e2mbito do Sistema \u00danico de Seguran\u00e7a P\u00fablica (SUSP), a Matriz sofreu sua primeira revis\u00e3o em 2005, quando foram agregados ao trabalho realizado pela SENASP outros dois documentos: as Diretrizes Pedag\u00f3gicas para as Atividades Formativas dos Profissionais da \u00c1rea de Seguran\u00e7a P\u00fablica, que contempla um conjunto de orienta\u00e7\u00f5es para o planejamento, o acompanhamento e a avalia\u00e7\u00e3o das a\u00e7\u00f5es formativas e, a Malha Curricular que apresenta um n\u00facleo comum composto por disciplinas que congregam conte\u00fados conceituais, procedimentais e atitudinais, cujo objetivo \u00e9 garantir a unidade de pensamento e a\u00e7\u00e3o dos profissionais da \u00e1rea de seguran\u00e7a p\u00fablica.<\/p>\n<p><a href=\"https:\/\/www.bibliotecadeseguranca.com.br\/wp-content\/uploads\/2021\/01\/matriz-curricular-nacional-para-acoes-formativas-dos-profissionais-de-area-de-seguranca-publica.pdf\" target=\"_blank\" rel=\"noopener\"><img loading=\"lazy\" decoding=\"async\" class=\"alignleft wp-image-11252 size-full\" src=\"https:\/\/www.bibliotecadeseguranca.com.br\/es\/wp-content\/uploads\/2014\/08\/descargar.gif\" alt=\"Descargar\" width=\"93\" height=\"25\" \/><\/a><\/p>\n","protected":false},"excerpt":{"rendered":"<p>Minist\u00e9rio da Justi\u00e7a &#8211; Secretaria Nacional de Seguran\u00e7a P\u00fablica &#8211; Brasil Descripci\u00f3n: A Matriz Curricular Nacional &#8211; doravante denominada Matriz &#8211; caracteriza-se por ser um referencial te\u00f3rico-metodol\u00f3gico para orientar as a\u00e7\u00f5es formativas &#8211; inicial e continuada &#8211; dos profissionais da \u00e1rea de seguran\u00e7a p\u00fablica &#8211; Pol\u00edcia Militar, Pol\u00edcia Civil, Corpo de Bombeiros Militar, independentemente do n\u00edvel ou da modalidade de ensino que se espera atender. Seus eixos articuladores e \u00e1reas&hellip; <\/p>\n","protected":false},"author":3,"featured_media":17036,"comment_status":"open","ping_status":"closed","sticky":false,"template":"","format":"standard","meta":{"footnotes":""},"categories":[112,6,25],"tags":[],"class_list":["post-17035","post","type-post","status-publish","format-standard","has-post-thumbnail","hentry","category-download","category-livros","category-seguranca-publica-e-defesa"],"views":439,"_links":{"self":[{"href":"https:\/\/www.bibliotecadeseguranca.com.br\/es\/wp-json\/wp\/v2\/posts\/17035","targetHints":{"allow":["GET"]}}],"collection":[{"href":"https:\/\/www.bibliotecadeseguranca.com.br\/es\/wp-json\/wp\/v2\/posts"}],"about":[{"href":"https:\/\/www.bibliotecadeseguranca.com.br\/es\/wp-json\/wp\/v2\/types\/post"}],"author":[{"embeddable":true,"href":"https:\/\/www.bibliotecadeseguranca.com.br\/es\/wp-json\/wp\/v2\/users\/3"}],"replies":[{"embeddable":true,"href":"https:\/\/www.bibliotecadeseguranca.com.br\/es\/wp-json\/wp\/v2\/comments?post=17035"}],"version-history":[{"count":1,"href":"https:\/\/www.bibliotecadeseguranca.com.br\/es\/wp-json\/wp\/v2\/posts\/17035\/revisions"}],"predecessor-version":[{"id":17037,"href":"https:\/\/www.bibliotecadeseguranca.com.br\/es\/wp-json\/wp\/v2\/posts\/17035\/revisions\/17037"}],"wp:featuredmedia":[{"embeddable":true,"href":"https:\/\/www.bibliotecadeseguranca.com.br\/es\/wp-json\/wp\/v2\/media\/17036"}],"wp:attachment":[{"href":"https:\/\/www.bibliotecadeseguranca.com.br\/es\/wp-json\/wp\/v2\/media?parent=17035"}],"wp:term":[{"taxonomy":"category","embeddable":true,"href":"https:\/\/www.bibliotecadeseguranca.com.br\/es\/wp-json\/wp\/v2\/categories?post=17035"},{"taxonomy":"post_tag","embeddable":true,"href":"https:\/\/www.bibliotecadeseguranca.com.br\/es\/wp-json\/wp\/v2\/tags?post=17035"}],"curies":[{"name":"wp","href":"https:\/\/api.w.org\/{rel}","templated":true}]}}