{"id":16947,"date":"2020-12-14T14:00:17","date_gmt":"2020-12-14T17:00:17","guid":{"rendered":"https:\/\/www.bibliotecadeseguranca.com.br\/es\/?p=16947"},"modified":"2020-12-14T11:38:40","modified_gmt":"2020-12-14T14:38:40","slug":"tactical-time-dantas-ano-01-no-2","status":"publish","type":"post","link":"https:\/\/www.bibliotecadeseguranca.com.br\/es\/periodicos-de-seguranca\/tactical-time-dantas-ano-01-no-2\/","title":{"rendered":"Tactical Time Dantas &#8211; Ano 01 | N\u00ba 2"},"content":{"rendered":"<p><span style=\"color: #003366;\"><strong><img loading=\"lazy\" decoding=\"async\" class=\"alignleft size-full wp-image-16948\" src=\"https:\/\/www.bibliotecadeseguranca.com.br\/es\/wp-content\/uploads\/2020\/12\/tactical-time-dantas-ano-01-no-2.jpg\" alt=\"Tactical Time Dantas - Ano 01 | N\u00ba 2\" width=\"145\" height=\"193\" srcset=\"https:\/\/www.bibliotecadeseguranca.com.br\/es\/wp-content\/uploads\/2020\/12\/tactical-time-dantas-ano-01-no-2.jpg 145w, https:\/\/www.bibliotecadeseguranca.com.br\/es\/wp-content\/uploads\/2020\/12\/tactical-time-dantas-ano-01-no-2-113x150.jpg 113w\" sizes=\"auto, (max-width: 145px) 100vw, 145px\" \/>Descripci\u00f3n:<\/strong><\/span> Se algu\u00e9m me perguntar &#8220;como foi o seu ano?&#8221; a resposta ser\u00e1 &#8220;Suave, igual inje\u00e7\u00e3o de benzetacil!\u201c<br \/>\nEm 2020 sofremos, choramos, ca\u00edmos, levantamos, tivemos perdas, e ainda estamos tentando entender o que aconteceu. Foi um ano dif\u00edcil pra todo mundo, mas, sobretudo, para a seguran\u00e7a privada que esteve na linha de frente durante a pandemia.<br \/>\nDepois de um longo per\u00edodo de tempestades, algumas vit\u00f3rias come\u00e7am despontar no horizonte. Podemos verificar j\u00e1 na primeira nota desta edi\u00e7\u00e3o.<br \/>\nExiste luz no fim deste t\u00fanel ou devemos n\u00f3s iluminar as trevas de 2020? Tenho f\u00e9 que a nossa luta ver\u00e1 seu dia nascer da escurid\u00e3o, pois, neste n\u00famero teremos mat\u00e9rias, colunas e artigos absolutamente incr\u00edveis.<br \/>\nE para finalizar, quero expressar minha gratid\u00e3o \u00e0queles que de alguma forma deram seu tempo para tornar este projeto poss\u00edvel: colegas, produtores de conte\u00fado, leitores e parceiros, a todos um \u00f3timo<br \/>\nper\u00edodo de festas!<\/p>\n<p>Raphael Silveira<\/p>\n<p><a href=\"https:\/\/www.bibliotecadeseguranca.com.br\/wp-content\/uploads\/2020\/12\/tactical-time-dantas-ano-01-no-2.pdf\" target=\"_blank\" rel=\"noopener\"><img loading=\"lazy\" decoding=\"async\" class=\"alignleft wp-image-11252 size-full\" src=\"https:\/\/www.bibliotecadeseguranca.com.br\/es\/wp-content\/uploads\/2014\/08\/descargar.gif\" alt=\"Descargar\" width=\"93\" height=\"25\" \/><\/a><\/p>\n","protected":false},"excerpt":{"rendered":"<p>Descripci\u00f3n: Se algu\u00e9m me perguntar &#8220;como foi o seu ano?&#8221; a resposta ser\u00e1 &#8220;Suave, igual inje\u00e7\u00e3o de benzetacil!\u201c Em 2020 sofremos, choramos, ca\u00edmos, levantamos, tivemos perdas, e ainda estamos tentando entender o que aconteceu. Foi um ano dif\u00edcil pra todo mundo, mas, sobretudo, para a seguran\u00e7a privada que esteve na linha de frente durante a pandemia. Depois de um longo per\u00edodo de tempestades, algumas vit\u00f3rias come\u00e7am despontar no horizonte. Podemos&hellip; <\/p>\n","protected":false},"author":3,"featured_media":16948,"comment_status":"open","ping_status":"closed","sticky":false,"template":"","format":"standard","meta":{"footnotes":""},"categories":[71,126],"tags":[],"class_list":["post-16947","post","type-post","status-publish","format-standard","has-post-thumbnail","hentry","category-periodicos-de-seguranca","category-tactical-time-dantas"],"views":158,"_links":{"self":[{"href":"https:\/\/www.bibliotecadeseguranca.com.br\/es\/wp-json\/wp\/v2\/posts\/16947","targetHints":{"allow":["GET"]}}],"collection":[{"href":"https:\/\/www.bibliotecadeseguranca.com.br\/es\/wp-json\/wp\/v2\/posts"}],"about":[{"href":"https:\/\/www.bibliotecadeseguranca.com.br\/es\/wp-json\/wp\/v2\/types\/post"}],"author":[{"embeddable":true,"href":"https:\/\/www.bibliotecadeseguranca.com.br\/es\/wp-json\/wp\/v2\/users\/3"}],"replies":[{"embeddable":true,"href":"https:\/\/www.bibliotecadeseguranca.com.br\/es\/wp-json\/wp\/v2\/comments?post=16947"}],"version-history":[{"count":1,"href":"https:\/\/www.bibliotecadeseguranca.com.br\/es\/wp-json\/wp\/v2\/posts\/16947\/revisions"}],"predecessor-version":[{"id":16949,"href":"https:\/\/www.bibliotecadeseguranca.com.br\/es\/wp-json\/wp\/v2\/posts\/16947\/revisions\/16949"}],"wp:featuredmedia":[{"embeddable":true,"href":"https:\/\/www.bibliotecadeseguranca.com.br\/es\/wp-json\/wp\/v2\/media\/16948"}],"wp:attachment":[{"href":"https:\/\/www.bibliotecadeseguranca.com.br\/es\/wp-json\/wp\/v2\/media?parent=16947"}],"wp:term":[{"taxonomy":"category","embeddable":true,"href":"https:\/\/www.bibliotecadeseguranca.com.br\/es\/wp-json\/wp\/v2\/categories?post=16947"},{"taxonomy":"post_tag","embeddable":true,"href":"https:\/\/www.bibliotecadeseguranca.com.br\/es\/wp-json\/wp\/v2\/tags?post=16947"}],"curies":[{"name":"wp","href":"https:\/\/api.w.org\/{rel}","templated":true}]}}