{"id":16626,"date":"2020-07-30T14:00:24","date_gmt":"2020-07-30T17:00:24","guid":{"rendered":"https:\/\/www.bibliotecadeseguranca.com.br\/es\/?p=16626"},"modified":"2020-07-30T12:27:33","modified_gmt":"2020-07-30T15:27:33","slug":"coletanea-gestao-de-riscos-empresariais","status":"publish","type":"post","link":"https:\/\/www.bibliotecadeseguranca.com.br\/es\/livros\/coletanea-gestao-de-riscos-empresariais\/","title":{"rendered":"Colet\u00e2nea Gest\u00e3o de Riscos Empresariais"},"content":{"rendered":"<p><span style=\"color: #003366;\"><strong><img loading=\"lazy\" decoding=\"async\" class=\"alignleft size-full wp-image-16627\" src=\"https:\/\/www.bibliotecadeseguranca.com.br\/es\/wp-content\/uploads\/2020\/07\/coletanea-gestao-de-riscos-empresariais.jpg\" alt=\"Colet\u00e2nea Gest\u00e3o de Riscos Empresariais\" width=\"145\" height=\"188\" srcset=\"https:\/\/www.bibliotecadeseguranca.com.br\/es\/wp-content\/uploads\/2020\/07\/coletanea-gestao-de-riscos-empresariais.jpg 145w, https:\/\/www.bibliotecadeseguranca.com.br\/es\/wp-content\/uploads\/2020\/07\/coletanea-gestao-de-riscos-empresariais-116x150.jpg 116w\" sizes=\"auto, (max-width: 145px) 100vw, 145px\" \/>Cl\u00e1udio dos Santos Moretti<\/strong><\/span><\/p>\n<p><span style=\"color: #003366;\"><strong>Descripci\u00f3n:<\/strong><\/span> Este material foi elaborado a partir das diversas publica\u00e7\u00f5es pelo autor no Jornal da Seguran\u00e7a, na Revista Gest\u00e3o de Riscos e do SESVESP com temas relacionados \u00e0 Gest\u00e3o de Riscos Empresariais;<br \/>\nOs artigos sofreram pequenos ajustes a fim de atualiza-los sobre os temas e, principalmente por conta da publica\u00e7\u00e3o da ISO\/NBR 31000 e 31010, nos casos dos artigos que foram publicados antes destas normas.<br \/>\nTamb\u00e9m foram editados em sequ\u00eancia mais sist\u00eamica com o objetivo de facilitar o entendimento e n\u00e3o na ordem cronol\u00f3gica em que foram publicados.<br \/>\nO objetivo deste material \u00e9 auxiliar o gestor de seguran\u00e7a iniciante, principalmente, para desenvolvimento e aprofundamento nesta mat\u00e9ria, com conceitos e apresenta\u00e7\u00e3o de alguns m\u00e9todos de an\u00e1lise de riscos que possibilitem a elabora\u00e7\u00e3o de um plano t\u00e1tico de seguran\u00e7a da sua \u00e1rea de atua\u00e7\u00e3o, haja vista que a gest\u00e3o de riscos \u00e9 aplic\u00e1vel a qualquer tipo de neg\u00f3cio.<br \/>\nAl\u00e9m do plano de seguran\u00e7a, ap\u00f3s a an\u00e1lise e avalia\u00e7\u00e3o dos riscos, poder\u00e1 ser utilizado, de acordo com o neg\u00f3cio e apetite ao risco, para a elabora\u00e7\u00e3o dos planos de emerg\u00eancias e\/ou de continuidade do neg\u00f3cio.<\/p>\n<p><a href=\"https:\/\/www.bibliotecadeseguranca.com.br\/wp-content\/uploads\/2020\/07\/coletanea-gestao-de-riscos-empresariais.pdf\" target=\"_blank\" rel=\"noopener\"><img loading=\"lazy\" decoding=\"async\" class=\"alignleft wp-image-11252 size-full\" src=\"https:\/\/www.bibliotecadeseguranca.com.br\/es\/wp-content\/uploads\/2014\/08\/descargar.gif\" alt=\"Descargar\" width=\"93\" height=\"25\" \/><\/a><\/p>\n","protected":false},"excerpt":{"rendered":"<p>Cl\u00e1udio dos Santos Moretti Descripci\u00f3n: Este material foi elaborado a partir das diversas publica\u00e7\u00f5es pelo autor no Jornal da Seguran\u00e7a, na Revista Gest\u00e3o de Riscos e do SESVESP com temas relacionados \u00e0 Gest\u00e3o de Riscos Empresariais; Os artigos sofreram pequenos ajustes a fim de atualiza-los sobre os temas e, principalmente por conta da publica\u00e7\u00e3o da ISO\/NBR 31000 e 31010, nos casos dos artigos que foram publicados antes destas normas. Tamb\u00e9m&hellip; <\/p>\n","protected":false},"author":3,"featured_media":16627,"comment_status":"open","ping_status":"closed","sticky":false,"template":"","format":"standard","meta":{"footnotes":""},"categories":[117,112,23,6,19],"tags":[],"class_list":["post-16626","post","type-post","status-publish","format-standard","has-post-thumbnail","hentry","category-consultoria-y-auditoria","category-download","category-gestao-da-seguranca-empresarial","category-livros","category-risco-e-perdas"],"views":268,"_links":{"self":[{"href":"https:\/\/www.bibliotecadeseguranca.com.br\/es\/wp-json\/wp\/v2\/posts\/16626","targetHints":{"allow":["GET"]}}],"collection":[{"href":"https:\/\/www.bibliotecadeseguranca.com.br\/es\/wp-json\/wp\/v2\/posts"}],"about":[{"href":"https:\/\/www.bibliotecadeseguranca.com.br\/es\/wp-json\/wp\/v2\/types\/post"}],"author":[{"embeddable":true,"href":"https:\/\/www.bibliotecadeseguranca.com.br\/es\/wp-json\/wp\/v2\/users\/3"}],"replies":[{"embeddable":true,"href":"https:\/\/www.bibliotecadeseguranca.com.br\/es\/wp-json\/wp\/v2\/comments?post=16626"}],"version-history":[{"count":1,"href":"https:\/\/www.bibliotecadeseguranca.com.br\/es\/wp-json\/wp\/v2\/posts\/16626\/revisions"}],"predecessor-version":[{"id":16628,"href":"https:\/\/www.bibliotecadeseguranca.com.br\/es\/wp-json\/wp\/v2\/posts\/16626\/revisions\/16628"}],"wp:featuredmedia":[{"embeddable":true,"href":"https:\/\/www.bibliotecadeseguranca.com.br\/es\/wp-json\/wp\/v2\/media\/16627"}],"wp:attachment":[{"href":"https:\/\/www.bibliotecadeseguranca.com.br\/es\/wp-json\/wp\/v2\/media?parent=16626"}],"wp:term":[{"taxonomy":"category","embeddable":true,"href":"https:\/\/www.bibliotecadeseguranca.com.br\/es\/wp-json\/wp\/v2\/categories?post=16626"},{"taxonomy":"post_tag","embeddable":true,"href":"https:\/\/www.bibliotecadeseguranca.com.br\/es\/wp-json\/wp\/v2\/tags?post=16626"}],"curies":[{"name":"wp","href":"https:\/\/api.w.org\/{rel}","templated":true}]}}