{"id":16421,"date":"2020-05-01T14:00:20","date_gmt":"2020-05-01T17:00:20","guid":{"rendered":"https:\/\/www.bibliotecadeseguranca.com.br\/es\/?p=16421"},"modified":"2020-05-01T13:11:18","modified_gmt":"2020-05-01T16:11:18","slug":"seguranca-internacional-2","status":"publish","type":"post","link":"https:\/\/www.bibliotecadeseguranca.com.br\/es\/livros\/seguranca-internacional-2\/","title":{"rendered":"Seguran\u00e7a Internacional"},"content":{"rendered":"<p><span style=\"color: #003366;\"><strong><img loading=\"lazy\" decoding=\"async\" class=\"alignleft size-full wp-image-16422\" src=\"https:\/\/www.bibliotecadeseguranca.com.br\/es\/wp-content\/uploads\/2020\/05\/seguranca-internacional.jpg\" alt=\"Seguran\u00e7a Internacional\" width=\"145\" height=\"224\" srcset=\"https:\/\/www.bibliotecadeseguranca.com.br\/es\/wp-content\/uploads\/2020\/05\/seguranca-internacional.jpg 145w, https:\/\/www.bibliotecadeseguranca.com.br\/es\/wp-content\/uploads\/2020\/05\/seguranca-internacional-97x150.jpg 97w\" sizes=\"auto, (max-width: 145px) 100vw, 145px\" \/>Marco Cepik<\/strong><\/span><\/p>\n<p><span style=\"color: #003366;\"><strong>Editor Hucitec<\/strong><\/span><\/p>\n<p><span style=\"color: #003366;\"><strong>Descripci\u00f3n:<\/strong><\/span> Este livro \u00e9 resultado do projeto Rede de Pesquisa em Paz e Seguran\u00e7a Internacional, sustentado pelo trabalho de pesquisadores oriundos de seis das principais universidades e programas de Rela\u00e7\u00f5es Internacionais do pa\u00eds e apoiado pelo CNPq por meio do edital Renato Archer. Tal projeto traduz o amadurecimento de uma \u00e1rea de pesquisa essencial para a inser\u00e7\u00e3o internacional do Brasil neste in\u00edcio do s\u00e9culo XXI.<\/p>\n","protected":false},"excerpt":{"rendered":"<p>Marco Cepik Editor Hucitec Descripci\u00f3n: Este livro \u00e9 resultado do projeto Rede de Pesquisa em Paz e Seguran\u00e7a Internacional, sustentado pelo trabalho de pesquisadores oriundos de seis das principais universidades e programas de Rela\u00e7\u00f5es Internacionais do pa\u00eds e apoiado pelo CNPq por meio do edital Renato Archer. Tal projeto traduz o amadurecimento de uma \u00e1rea de pesquisa essencial para a inser\u00e7\u00e3o internacional do Brasil neste in\u00edcio do s\u00e9culo XXI.<\/p>\n","protected":false},"author":3,"featured_media":16422,"comment_status":"open","ping_status":"closed","sticky":false,"template":"","format":"standard","meta":{"footnotes":""},"categories":[6,25],"tags":[],"class_list":["post-16421","post","type-post","status-publish","format-standard","has-post-thumbnail","hentry","category-livros","category-seguranca-publica-e-defesa"],"views":191,"_links":{"self":[{"href":"https:\/\/www.bibliotecadeseguranca.com.br\/es\/wp-json\/wp\/v2\/posts\/16421","targetHints":{"allow":["GET"]}}],"collection":[{"href":"https:\/\/www.bibliotecadeseguranca.com.br\/es\/wp-json\/wp\/v2\/posts"}],"about":[{"href":"https:\/\/www.bibliotecadeseguranca.com.br\/es\/wp-json\/wp\/v2\/types\/post"}],"author":[{"embeddable":true,"href":"https:\/\/www.bibliotecadeseguranca.com.br\/es\/wp-json\/wp\/v2\/users\/3"}],"replies":[{"embeddable":true,"href":"https:\/\/www.bibliotecadeseguranca.com.br\/es\/wp-json\/wp\/v2\/comments?post=16421"}],"version-history":[{"count":1,"href":"https:\/\/www.bibliotecadeseguranca.com.br\/es\/wp-json\/wp\/v2\/posts\/16421\/revisions"}],"predecessor-version":[{"id":16423,"href":"https:\/\/www.bibliotecadeseguranca.com.br\/es\/wp-json\/wp\/v2\/posts\/16421\/revisions\/16423"}],"wp:featuredmedia":[{"embeddable":true,"href":"https:\/\/www.bibliotecadeseguranca.com.br\/es\/wp-json\/wp\/v2\/media\/16422"}],"wp:attachment":[{"href":"https:\/\/www.bibliotecadeseguranca.com.br\/es\/wp-json\/wp\/v2\/media?parent=16421"}],"wp:term":[{"taxonomy":"category","embeddable":true,"href":"https:\/\/www.bibliotecadeseguranca.com.br\/es\/wp-json\/wp\/v2\/categories?post=16421"},{"taxonomy":"post_tag","embeddable":true,"href":"https:\/\/www.bibliotecadeseguranca.com.br\/es\/wp-json\/wp\/v2\/tags?post=16421"}],"curies":[{"name":"wp","href":"https:\/\/api.w.org\/{rel}","templated":true}]}}