{"id":16380,"date":"2020-04-13T14:00:52","date_gmt":"2020-04-13T17:00:52","guid":{"rendered":"https:\/\/www.bibliotecadeseguranca.com.br\/es\/?p=16380"},"modified":"2020-04-13T13:36:45","modified_gmt":"2020-04-13T16:36:45","slug":"cartilha-de-seguranca-cibernetica","status":"publish","type":"post","link":"https:\/\/www.bibliotecadeseguranca.com.br\/es\/livros\/cartilha-de-seguranca-cibernetica\/","title":{"rendered":"Cartilha de Seguran\u00e7a Cibern\u00e9tica"},"content":{"rendered":"<p><span style=\"color: #003366;\"><strong><img loading=\"lazy\" decoding=\"async\" class=\"alignleft size-full wp-image-16381\" src=\"https:\/\/www.bibliotecadeseguranca.com.br\/es\/wp-content\/uploads\/2020\/04\/cartilha-de-seguranca-cibernetica.jpg\" alt=\"Cartilha de Seguran\u00e7a Cibern\u00e9tica\" width=\"145\" height=\"205\" srcset=\"https:\/\/www.bibliotecadeseguranca.com.br\/es\/wp-content\/uploads\/2020\/04\/cartilha-de-seguranca-cibernetica.jpg 145w, https:\/\/www.bibliotecadeseguranca.com.br\/es\/wp-content\/uploads\/2020\/04\/cartilha-de-seguranca-cibernetica-106x150.jpg 106w\" sizes=\"auto, (max-width: 145px) 100vw, 145px\" \/>Tribunal de Justi\u00e7a de Santa Catarina<\/strong><\/span><\/p>\n<p><span style=\"color: #003366;\"><strong>Descripci\u00f3n:<\/strong><\/span> Os avan\u00e7os tecnol\u00f3gicos trazem novos desafios ao profissional do direito no que diz respeito \u00e0s provid\u00eancias a serem tomadas quanto \u00e0 busca de dados na internet. Nesse cen\u00e1rio de multiplica\u00e7\u00e3o de crimes inform\u00e1ticos pr\u00f3prios e impr\u00f3prios, h\u00e1 a necessidade da correta atua\u00e7\u00e3o do profissional de direito na preserva\u00e7\u00e3o da evid\u00eancia eletr\u00f4nica, na atribui\u00e7\u00e3o de autoria e na remo\u00e7\u00e3o de conte\u00fado (BARRETO, 2019).<br \/>\nContudo, a grande quantidade de informa\u00e7\u00f5es recebidas a cada dia impossibilita o conhecimento de todos os servi\u00e7os e plataformas dispon\u00edveis, das novas modalidades de crimes, da legisla\u00e7\u00e3o aplic\u00e1vel e das provid\u00eancias para denunciar ou remover um conte\u00fado ilegal ou abusivo (BARRETO, 2019).<br \/>\nPor outro lado, a compreens\u00e3o do tema se imp\u00f5e aos demais profissionais do direito, em especial aos aplicadores da lei e julgadores, como forma de qualificar mais ainda a abrang\u00eancia do ato legal e de assegurar o emprego de medidas de autoprote\u00e7\u00e3o de maneira eficiente e eficaz.<\/p>\n<p><a href=\"https:\/\/www.bibliotecadeseguranca.com.br\/wp-content\/uploads\/2020\/04\/cartilha-de-seguranca-cibernetica.pdf\" target=\"_blank\" rel=\"noopener\"><img loading=\"lazy\" decoding=\"async\" class=\"alignleft wp-image-11252 size-full\" src=\"https:\/\/www.bibliotecadeseguranca.com.br\/es\/wp-content\/uploads\/2014\/08\/descargar.gif\" alt=\"Descargar\" width=\"93\" height=\"25\" \/><\/a><\/p>\n","protected":false},"excerpt":{"rendered":"<p>Tribunal de Justi\u00e7a de Santa Catarina Descripci\u00f3n: Os avan\u00e7os tecnol\u00f3gicos trazem novos desafios ao profissional do direito no que diz respeito \u00e0s provid\u00eancias a serem tomadas quanto \u00e0 busca de dados na internet. Nesse cen\u00e1rio de multiplica\u00e7\u00e3o de crimes inform\u00e1ticos pr\u00f3prios e impr\u00f3prios, h\u00e1 a necessidade da correta atua\u00e7\u00e3o do profissional de direito na preserva\u00e7\u00e3o da evid\u00eancia eletr\u00f4nica, na atribui\u00e7\u00e3o de autoria e na remo\u00e7\u00e3o de conte\u00fado (BARRETO, 2019). Contudo,&hellip; <\/p>\n","protected":false},"author":3,"featured_media":16381,"comment_status":"open","ping_status":"closed","sticky":false,"template":"","format":"standard","meta":{"footnotes":""},"categories":[112,6,20,24],"tags":[],"class_list":["post-16380","post","type-post","status-publish","format-standard","has-post-thumbnail","hentry","category-download","category-livros","category-seguranca-da-informacao","category-seguranca-pessoal-e-sequestro"],"views":187,"_links":{"self":[{"href":"https:\/\/www.bibliotecadeseguranca.com.br\/es\/wp-json\/wp\/v2\/posts\/16380","targetHints":{"allow":["GET"]}}],"collection":[{"href":"https:\/\/www.bibliotecadeseguranca.com.br\/es\/wp-json\/wp\/v2\/posts"}],"about":[{"href":"https:\/\/www.bibliotecadeseguranca.com.br\/es\/wp-json\/wp\/v2\/types\/post"}],"author":[{"embeddable":true,"href":"https:\/\/www.bibliotecadeseguranca.com.br\/es\/wp-json\/wp\/v2\/users\/3"}],"replies":[{"embeddable":true,"href":"https:\/\/www.bibliotecadeseguranca.com.br\/es\/wp-json\/wp\/v2\/comments?post=16380"}],"version-history":[{"count":1,"href":"https:\/\/www.bibliotecadeseguranca.com.br\/es\/wp-json\/wp\/v2\/posts\/16380\/revisions"}],"predecessor-version":[{"id":16382,"href":"https:\/\/www.bibliotecadeseguranca.com.br\/es\/wp-json\/wp\/v2\/posts\/16380\/revisions\/16382"}],"wp:featuredmedia":[{"embeddable":true,"href":"https:\/\/www.bibliotecadeseguranca.com.br\/es\/wp-json\/wp\/v2\/media\/16381"}],"wp:attachment":[{"href":"https:\/\/www.bibliotecadeseguranca.com.br\/es\/wp-json\/wp\/v2\/media?parent=16380"}],"wp:term":[{"taxonomy":"category","embeddable":true,"href":"https:\/\/www.bibliotecadeseguranca.com.br\/es\/wp-json\/wp\/v2\/categories?post=16380"},{"taxonomy":"post_tag","embeddable":true,"href":"https:\/\/www.bibliotecadeseguranca.com.br\/es\/wp-json\/wp\/v2\/tags?post=16380"}],"curies":[{"name":"wp","href":"https:\/\/api.w.org\/{rel}","templated":true}]}}