{"id":15922,"date":"2019-09-16T14:00:00","date_gmt":"2019-09-16T17:00:00","guid":{"rendered":"https:\/\/www.bibliotecadeseguranca.com.br\/es\/?p=15922"},"modified":"2019-09-16T11:47:44","modified_gmt":"2019-09-16T14:47:44","slug":"a-evolucao-da-seguranca-publica-municipal-no-brasil","status":"publish","type":"post","link":"https:\/\/www.bibliotecadeseguranca.com.br\/es\/livros\/a-evolucao-da-seguranca-publica-municipal-no-brasil\/","title":{"rendered":"A Evolu\u00e7\u00e3o da Seguran\u00e7a P\u00fablica Municipal no Brasil"},"content":{"rendered":"<p><span style=\"color: #003366;\"><strong><img loading=\"lazy\" decoding=\"async\" class=\"alignleft size-full wp-image-15923\" src=\"https:\/\/www.bibliotecadeseguranca.com.br\/es\/wp-content\/uploads\/2019\/09\/a-evolucao-da-seguranca-publica-municipal-no-brasil.jpg\" alt=\"A Evolu\u00e7\u00e3o da Seguran\u00e7a P\u00fablica Municipal no Brasil\" width=\"145\" height=\"213\" srcset=\"https:\/\/www.bibliotecadeseguranca.com.br\/es\/wp-content\/uploads\/2019\/09\/a-evolucao-da-seguranca-publica-municipal-no-brasil.jpg 145w, https:\/\/www.bibliotecadeseguranca.com.br\/es\/wp-content\/uploads\/2019\/09\/a-evolucao-da-seguranca-publica-municipal-no-brasil-102x150.jpg 102w\" sizes=\"auto, (max-width: 145px) 100vw, 145px\" \/>Claudio Frederico de Carvalho<\/strong><\/span><\/p>\n<p><span style=\"color: #003366;\"><strong>Editor InterSaberes<\/strong><\/span><\/p>\n<p><span style=\"color: #003366;\"><strong>Descripci\u00f3n:<\/strong><\/span> Voc\u00ea sabe a quais dimens\u00f5es da seguran\u00e7a p\u00fablica a esfera municipal se relaciona? E qual deve ser a parcela de participa\u00e7\u00e3o dos munic\u00edpios na luta contra o crime e na manuten\u00e7\u00e3o da paz social? Para compreender a real dimens\u00e3o das responsabilidades do governo municipal no que tange \u00e0 seguran\u00e7a p\u00fablica, precisamos discutir temas como combate e preven\u00e7\u00e3o \u00e0 viol\u00eancia, promo\u00e7\u00e3o dos direitos humanos e exerc\u00edcio da cidadania. Investigue aqui esses assuntos e reflita sobre as a\u00e7\u00f5es dos gestores p\u00fablicos no que diz respeito \u00e0 defesa social nos munic\u00edpios.<\/p>\n","protected":false},"excerpt":{"rendered":"<p>Claudio Frederico de Carvalho Editor InterSaberes Descripci\u00f3n: Voc\u00ea sabe a quais dimens\u00f5es da seguran\u00e7a p\u00fablica a esfera municipal se relaciona? E qual deve ser a parcela de participa\u00e7\u00e3o dos munic\u00edpios na luta contra o crime e na manuten\u00e7\u00e3o da paz social? Para compreender a real dimens\u00e3o das responsabilidades do governo municipal no que tange \u00e0 seguran\u00e7a p\u00fablica, precisamos discutir temas como combate e preven\u00e7\u00e3o \u00e0 viol\u00eancia, promo\u00e7\u00e3o dos direitos humanos&hellip; <\/p>\n","protected":false},"author":3,"featured_media":15923,"comment_status":"open","ping_status":"closed","sticky":false,"template":"","format":"standard","meta":{"footnotes":""},"categories":[6,25],"tags":[],"class_list":["post-15922","post","type-post","status-publish","format-standard","has-post-thumbnail","hentry","category-livros","category-seguranca-publica-e-defesa"],"views":91,"_links":{"self":[{"href":"https:\/\/www.bibliotecadeseguranca.com.br\/es\/wp-json\/wp\/v2\/posts\/15922","targetHints":{"allow":["GET"]}}],"collection":[{"href":"https:\/\/www.bibliotecadeseguranca.com.br\/es\/wp-json\/wp\/v2\/posts"}],"about":[{"href":"https:\/\/www.bibliotecadeseguranca.com.br\/es\/wp-json\/wp\/v2\/types\/post"}],"author":[{"embeddable":true,"href":"https:\/\/www.bibliotecadeseguranca.com.br\/es\/wp-json\/wp\/v2\/users\/3"}],"replies":[{"embeddable":true,"href":"https:\/\/www.bibliotecadeseguranca.com.br\/es\/wp-json\/wp\/v2\/comments?post=15922"}],"version-history":[{"count":1,"href":"https:\/\/www.bibliotecadeseguranca.com.br\/es\/wp-json\/wp\/v2\/posts\/15922\/revisions"}],"predecessor-version":[{"id":15924,"href":"https:\/\/www.bibliotecadeseguranca.com.br\/es\/wp-json\/wp\/v2\/posts\/15922\/revisions\/15924"}],"wp:featuredmedia":[{"embeddable":true,"href":"https:\/\/www.bibliotecadeseguranca.com.br\/es\/wp-json\/wp\/v2\/media\/15923"}],"wp:attachment":[{"href":"https:\/\/www.bibliotecadeseguranca.com.br\/es\/wp-json\/wp\/v2\/media?parent=15922"}],"wp:term":[{"taxonomy":"category","embeddable":true,"href":"https:\/\/www.bibliotecadeseguranca.com.br\/es\/wp-json\/wp\/v2\/categories?post=15922"},{"taxonomy":"post_tag","embeddable":true,"href":"https:\/\/www.bibliotecadeseguranca.com.br\/es\/wp-json\/wp\/v2\/tags?post=15922"}],"curies":[{"name":"wp","href":"https:\/\/api.w.org\/{rel}","templated":true}]}}