{"id":15749,"date":"2019-07-04T14:00:46","date_gmt":"2019-07-04T17:00:46","guid":{"rendered":"https:\/\/www.bibliotecadeseguranca.com.br\/es\/?p=15749"},"modified":"2019-07-04T13:04:43","modified_gmt":"2019-07-04T16:04:43","slug":"vi-esseg-estudo-do-setor-da-seguranca-privada","status":"publish","type":"post","link":"https:\/\/www.bibliotecadeseguranca.com.br\/es\/livros\/vi-esseg-estudo-do-setor-da-seguranca-privada\/","title":{"rendered":"VI ESSEG \u2013 Estudo do Setor da Seguran\u00e7a Privada"},"content":{"rendered":"<p><span style=\"color: #003366;\"><strong><img loading=\"lazy\" decoding=\"async\" class=\"alignleft size-full wp-image-15750\" src=\"https:\/\/www.bibliotecadeseguranca.com.br\/es\/wp-content\/uploads\/2019\/07\/vi-esseg-estudo-do-setor-da-seguranca-privada.jpg\" alt=\"VI ESSEG \u2013 Estudo do Setor da Seguran\u00e7a Privada\" width=\"145\" height=\"195\" srcset=\"https:\/\/www.bibliotecadeseguranca.com.br\/es\/wp-content\/uploads\/2019\/07\/vi-esseg-estudo-do-setor-da-seguranca-privada.jpg 145w, https:\/\/www.bibliotecadeseguranca.com.br\/es\/wp-content\/uploads\/2019\/07\/vi-esseg-estudo-do-setor-da-seguranca-privada-112x150.jpg 112w\" sizes=\"auto, (max-width: 145px) 100vw, 145px\" \/>Fenavist<\/strong><\/span><\/p>\n<p><span style=\"color: #003366;\"><strong>Descripci\u00f3n:<\/strong><\/span> O objetivo do VI Estudo do Setor da Seguran\u00e7a Privada (VI ESSEG) \u00e9 fornecer \u00e0s institui\u00e7\u00f5es e a seus representantes (\u00f3rg\u00e3os reguladores, \u00f3rg\u00e3os de fiscaliza\u00e7\u00e3o, sindicatos, diretores e associados), entidades (de classe e sociedade), contratantes, m\u00eddia e comunidade acad\u00eamica (estudiosos, professores e estudantes) informa\u00e7\u00f5es sobre o setor de seguran\u00e7a privada do Pa\u00eds que sejam de relev\u00e2ncia e que sirvam de refer\u00eancia no debate e entendimento da seguran\u00e7a privada. As informa\u00e7\u00f5es s\u00e3o de 2018, observando-se per\u00edodos de evolu\u00e7\u00e3o que variam de 2014 a 2018.<\/p>\n<p><a href=\"https:\/\/www.bibliotecadeseguranca.com.br\/wp-content\/uploads\/2019\/07\/vi-esseg-estudo-do-setor-da-seguranca-privada.pdf\" target=\"_blank\" rel=\"noopener\"><img loading=\"lazy\" decoding=\"async\" class=\"alignleft wp-image-11252 size-full\" src=\"https:\/\/www.bibliotecadeseguranca.com.br\/es\/wp-content\/uploads\/2014\/08\/descargar.gif\" alt=\"Descargar\" width=\"93\" height=\"25\" \/><\/a><\/p>\n","protected":false},"excerpt":{"rendered":"<p>Fenavist Descripci\u00f3n: O objetivo do VI Estudo do Setor da Seguran\u00e7a Privada (VI ESSEG) \u00e9 fornecer \u00e0s institui\u00e7\u00f5es e a seus representantes (\u00f3rg\u00e3os reguladores, \u00f3rg\u00e3os de fiscaliza\u00e7\u00e3o, sindicatos, diretores e associados), entidades (de classe e sociedade), contratantes, m\u00eddia e comunidade acad\u00eamica (estudiosos, professores e estudantes) informa\u00e7\u00f5es sobre o setor de seguran\u00e7a privada do Pa\u00eds que sejam de relev\u00e2ncia e que sirvam de refer\u00eancia no debate e entendimento da seguran\u00e7a privada.&hellip; <\/p>\n","protected":false},"author":3,"featured_media":15750,"comment_status":"open","ping_status":"closed","sticky":false,"template":"","format":"standard","meta":{"footnotes":""},"categories":[112,23,6],"tags":[],"class_list":["post-15749","post","type-post","status-publish","format-standard","has-post-thumbnail","hentry","category-download","category-gestao-da-seguranca-empresarial","category-livros"],"views":147,"_links":{"self":[{"href":"https:\/\/www.bibliotecadeseguranca.com.br\/es\/wp-json\/wp\/v2\/posts\/15749","targetHints":{"allow":["GET"]}}],"collection":[{"href":"https:\/\/www.bibliotecadeseguranca.com.br\/es\/wp-json\/wp\/v2\/posts"}],"about":[{"href":"https:\/\/www.bibliotecadeseguranca.com.br\/es\/wp-json\/wp\/v2\/types\/post"}],"author":[{"embeddable":true,"href":"https:\/\/www.bibliotecadeseguranca.com.br\/es\/wp-json\/wp\/v2\/users\/3"}],"replies":[{"embeddable":true,"href":"https:\/\/www.bibliotecadeseguranca.com.br\/es\/wp-json\/wp\/v2\/comments?post=15749"}],"version-history":[{"count":1,"href":"https:\/\/www.bibliotecadeseguranca.com.br\/es\/wp-json\/wp\/v2\/posts\/15749\/revisions"}],"predecessor-version":[{"id":15751,"href":"https:\/\/www.bibliotecadeseguranca.com.br\/es\/wp-json\/wp\/v2\/posts\/15749\/revisions\/15751"}],"wp:featuredmedia":[{"embeddable":true,"href":"https:\/\/www.bibliotecadeseguranca.com.br\/es\/wp-json\/wp\/v2\/media\/15750"}],"wp:attachment":[{"href":"https:\/\/www.bibliotecadeseguranca.com.br\/es\/wp-json\/wp\/v2\/media?parent=15749"}],"wp:term":[{"taxonomy":"category","embeddable":true,"href":"https:\/\/www.bibliotecadeseguranca.com.br\/es\/wp-json\/wp\/v2\/categories?post=15749"},{"taxonomy":"post_tag","embeddable":true,"href":"https:\/\/www.bibliotecadeseguranca.com.br\/es\/wp-json\/wp\/v2\/tags?post=15749"}],"curies":[{"name":"wp","href":"https:\/\/api.w.org\/{rel}","templated":true}]}}