{"id":15218,"date":"2018-11-23T14:00:14","date_gmt":"2018-11-23T16:00:14","guid":{"rendered":"http:\/\/www.bibliotecadeseguranca.com.br\/es\/?p=15218"},"modified":"2018-11-23T12:39:17","modified_gmt":"2018-11-23T14:39:17","slug":"estudos-sobre-violencia-e-criminalidade-no-brasil-atual","status":"publish","type":"post","link":"https:\/\/www.bibliotecadeseguranca.com.br\/es\/livros\/estudos-sobre-violencia-e-criminalidade-no-brasil-atual\/","title":{"rendered":"Estudos sobre Viol\u00eancia e Criminalidade no Brasil Atual"},"content":{"rendered":"<p><span style=\"color: #003366;\"><strong><img loading=\"lazy\" decoding=\"async\" class=\"alignleft size-full wp-image-15219\" src=\"http:\/\/www.bibliotecadeseguranca.com.br\/es\/wp-content\/uploads\/2018\/11\/estudos-sobre-violencia-e-criminalidade-no-brasil-atual.jpg\" alt=\"Estudos sobre Viol\u00eancia e Criminalidade no Brasil Atual\" width=\"145\" height=\"231\" srcset=\"https:\/\/www.bibliotecadeseguranca.com.br\/es\/wp-content\/uploads\/2018\/11\/estudos-sobre-violencia-e-criminalidade-no-brasil-atual.jpg 145w, https:\/\/www.bibliotecadeseguranca.com.br\/es\/wp-content\/uploads\/2018\/11\/estudos-sobre-violencia-e-criminalidade-no-brasil-atual-94x150.jpg 94w\" sizes=\"auto, (max-width: 145px) 100vw, 145px\" \/>Tulio Kahn<\/strong><\/span><\/p>\n<p><span style=\"color: #003366;\"><strong>Descripci\u00f3n:<\/strong><\/span> Este livro re\u00fane diversos estudos que realizei entre 2009 e 2011 e que compartilham algumas caracter\u00edsticas: em primeiro lugar, eles foram encomendados por entidades interessadas em conhecer a realidade criminal do Brasil e em especial S\u00e3o Paulo e foram apresentados em semin\u00e1rios no Brasil e no exterior.<\/p>\n","protected":false},"excerpt":{"rendered":"<p>Tulio Kahn Descripci\u00f3n: Este livro re\u00fane diversos estudos que realizei entre 2009 e 2011 e que compartilham algumas caracter\u00edsticas: em primeiro lugar, eles foram encomendados por entidades interessadas em conhecer a realidade criminal do Brasil e em especial S\u00e3o Paulo e foram apresentados em semin\u00e1rios no Brasil e no exterior.<\/p>\n","protected":false},"author":3,"featured_media":15219,"comment_status":"open","ping_status":"closed","sticky":false,"template":"","format":"standard","meta":{"footnotes":""},"categories":[6,25],"tags":[],"class_list":["post-15218","post","type-post","status-publish","format-standard","has-post-thumbnail","hentry","category-livros","category-seguranca-publica-e-defesa"],"views":205,"_links":{"self":[{"href":"https:\/\/www.bibliotecadeseguranca.com.br\/es\/wp-json\/wp\/v2\/posts\/15218","targetHints":{"allow":["GET"]}}],"collection":[{"href":"https:\/\/www.bibliotecadeseguranca.com.br\/es\/wp-json\/wp\/v2\/posts"}],"about":[{"href":"https:\/\/www.bibliotecadeseguranca.com.br\/es\/wp-json\/wp\/v2\/types\/post"}],"author":[{"embeddable":true,"href":"https:\/\/www.bibliotecadeseguranca.com.br\/es\/wp-json\/wp\/v2\/users\/3"}],"replies":[{"embeddable":true,"href":"https:\/\/www.bibliotecadeseguranca.com.br\/es\/wp-json\/wp\/v2\/comments?post=15218"}],"version-history":[{"count":1,"href":"https:\/\/www.bibliotecadeseguranca.com.br\/es\/wp-json\/wp\/v2\/posts\/15218\/revisions"}],"predecessor-version":[{"id":15220,"href":"https:\/\/www.bibliotecadeseguranca.com.br\/es\/wp-json\/wp\/v2\/posts\/15218\/revisions\/15220"}],"wp:featuredmedia":[{"embeddable":true,"href":"https:\/\/www.bibliotecadeseguranca.com.br\/es\/wp-json\/wp\/v2\/media\/15219"}],"wp:attachment":[{"href":"https:\/\/www.bibliotecadeseguranca.com.br\/es\/wp-json\/wp\/v2\/media?parent=15218"}],"wp:term":[{"taxonomy":"category","embeddable":true,"href":"https:\/\/www.bibliotecadeseguranca.com.br\/es\/wp-json\/wp\/v2\/categories?post=15218"},{"taxonomy":"post_tag","embeddable":true,"href":"https:\/\/www.bibliotecadeseguranca.com.br\/es\/wp-json\/wp\/v2\/tags?post=15218"}],"curies":[{"name":"wp","href":"https:\/\/api.w.org\/{rel}","templated":true}]}}