{"id":14845,"date":"2018-06-15T14:00:05","date_gmt":"2018-06-15T17:00:05","guid":{"rendered":"http:\/\/www.bibliotecadeseguranca.com.br\/es\/?p=14845"},"modified":"2018-06-15T11:30:37","modified_gmt":"2018-06-15T14:30:37","slug":"aspectos-juridicos-en-el-desarrollo-de-las-funciones-del-personal-de-seguridad","status":"publish","type":"post","link":"https:\/\/www.bibliotecadeseguranca.com.br\/es\/livros\/aspectos-juridicos-en-el-desarrollo-de-las-funciones-del-personal-de-seguridad\/","title":{"rendered":"Aspectos jur\u00eddicos en el desarrollo de las funciones del personal de seguridad"},"content":{"rendered":"<p><span style=\"color: #003366;\"><strong><img loading=\"lazy\" decoding=\"async\" class=\"alignleft size-full wp-image-14846\" src=\"http:\/\/www.bibliotecadeseguranca.com.br\/es\/wp-content\/uploads\/2018\/06\/aspectos-juridicos-en-el-desarrollo-de-las-funciones-del-personal-de-seguridad.jpg\" alt=\"Aspectos jur\u00eddicos en el desarrollo de las funciones del personal de seguridad\" width=\"145\" height=\"203\" srcset=\"https:\/\/www.bibliotecadeseguranca.com.br\/es\/wp-content\/uploads\/2018\/06\/aspectos-juridicos-en-el-desarrollo-de-las-funciones-del-personal-de-seguridad.jpg 145w, https:\/\/www.bibliotecadeseguranca.com.br\/es\/wp-content\/uploads\/2018\/06\/aspectos-juridicos-en-el-desarrollo-de-las-funciones-del-personal-de-seguridad-107x150.jpg 107w\" sizes=\"auto, (max-width: 145px) 100vw, 145px\" \/>Salvador Fabra Mart\u00ednez<\/strong><\/span><\/p>\n<p><span style=\"color: #003366;\"><strong>Editor ic editorial<\/strong><\/span><\/p>\n<p><span style=\"color: #003366;\"><strong>Descripci\u00f3n:<\/strong><\/span> &#8211; Distinguir las autoridades, organismos y empresas que act\u00faan en el \u00e1mbito de la seguridad;<br \/>\n&#8211; Analizar el contenido de los derechos y obligaciones que tienen su fundamento en la protecci\u00f3n jur\u00eddica de los derechos de las personas;<br \/>\n&#8211; Aplicar la legislaci\u00f3n vigente a la actividad profesional relacionada con la seguridad y protecci\u00f3n;<br \/>\n&#8211; Utilizar los procedimientos de detenci\u00f3n e identificaci\u00f3n de personas.<\/p>\n","protected":false},"excerpt":{"rendered":"<p>Salvador Fabra Mart\u00ednez Editor ic editorial Descripci\u00f3n: &#8211; Distinguir las autoridades, organismos y empresas que act\u00faan en el \u00e1mbito de la seguridad; &#8211; Analizar el contenido de los derechos y obligaciones que tienen su fundamento en la protecci\u00f3n jur\u00eddica de los derechos de las personas; &#8211; Aplicar la legislaci\u00f3n vigente a la actividad profesional relacionada con la seguridad y protecci\u00f3n; &#8211; Utilizar los procedimientos de detenci\u00f3n e identificaci\u00f3n de personas.<\/p>\n","protected":false},"author":3,"featured_media":14846,"comment_status":"open","ping_status":"closed","sticky":false,"template":"","format":"standard","meta":{"footnotes":""},"categories":[81,23,6],"tags":[],"class_list":["post-14845","post","type-post","status-publish","format-standard","has-post-thumbnail","hentry","category-espanol","category-gestao-da-seguranca-empresarial","category-livros"],"views":150,"_links":{"self":[{"href":"https:\/\/www.bibliotecadeseguranca.com.br\/es\/wp-json\/wp\/v2\/posts\/14845","targetHints":{"allow":["GET"]}}],"collection":[{"href":"https:\/\/www.bibliotecadeseguranca.com.br\/es\/wp-json\/wp\/v2\/posts"}],"about":[{"href":"https:\/\/www.bibliotecadeseguranca.com.br\/es\/wp-json\/wp\/v2\/types\/post"}],"author":[{"embeddable":true,"href":"https:\/\/www.bibliotecadeseguranca.com.br\/es\/wp-json\/wp\/v2\/users\/3"}],"replies":[{"embeddable":true,"href":"https:\/\/www.bibliotecadeseguranca.com.br\/es\/wp-json\/wp\/v2\/comments?post=14845"}],"version-history":[{"count":1,"href":"https:\/\/www.bibliotecadeseguranca.com.br\/es\/wp-json\/wp\/v2\/posts\/14845\/revisions"}],"predecessor-version":[{"id":14847,"href":"https:\/\/www.bibliotecadeseguranca.com.br\/es\/wp-json\/wp\/v2\/posts\/14845\/revisions\/14847"}],"wp:featuredmedia":[{"embeddable":true,"href":"https:\/\/www.bibliotecadeseguranca.com.br\/es\/wp-json\/wp\/v2\/media\/14846"}],"wp:attachment":[{"href":"https:\/\/www.bibliotecadeseguranca.com.br\/es\/wp-json\/wp\/v2\/media?parent=14845"}],"wp:term":[{"taxonomy":"category","embeddable":true,"href":"https:\/\/www.bibliotecadeseguranca.com.br\/es\/wp-json\/wp\/v2\/categories?post=14845"},{"taxonomy":"post_tag","embeddable":true,"href":"https:\/\/www.bibliotecadeseguranca.com.br\/es\/wp-json\/wp\/v2\/tags?post=14845"}],"curies":[{"name":"wp","href":"https:\/\/api.w.org\/{rel}","templated":true}]}}