{"id":13964,"date":"2017-05-25T14:00:54","date_gmt":"2017-05-25T17:00:54","guid":{"rendered":"http:\/\/www.bibliotecadeseguranca.com.br\/es\/?p=13964"},"modified":"2017-05-25T11:48:50","modified_gmt":"2017-05-25T14:48:50","slug":"crime-organizado-2","status":"publish","type":"post","link":"https:\/\/www.bibliotecadeseguranca.com.br\/es\/livros\/crime-organizado-2\/","title":{"rendered":"Crime Organizado"},"content":{"rendered":"<p><span style=\"color: #003366;\"><strong><img loading=\"lazy\" decoding=\"async\" class=\"alignleft size-full wp-image-13965\" src=\"http:\/\/www.bibliotecadeseguranca.com.br\/es\/wp-content\/uploads\/2017\/05\/Crime-Organizado.jpg\" alt=\"Crime Organizado\" width=\"145\" height=\"205\" srcset=\"https:\/\/www.bibliotecadeseguranca.com.br\/es\/wp-content\/uploads\/2017\/05\/Crime-Organizado.jpg 145w, https:\/\/www.bibliotecadeseguranca.com.br\/es\/wp-content\/uploads\/2017\/05\/Crime-Organizado-106x150.jpg 106w\" sizes=\"auto, (max-width: 145px) 100vw, 145px\" \/>Antonio C. Ribeiro Brasiliano<\/strong><\/span><\/p>\n<p><span style=\"color: #003366;\"><strong>Editor Sicurezza<\/strong><\/span><\/p>\n<p><span style=\"color: #003366;\"><strong>Descripci\u00f3n:<\/strong><\/span> Crime Organizado com o objetivo de disseminar o conhecimento sobre o assunto pol\u00eamico e de extrema import\u00e2ncia para o setor privado de seguran\u00e7a e p\u00fablico, com o intuito de levar as informa\u00e7\u00f5es para todos os profissionais do setor e da \u00e1rea de Riscos Corporativos.<br \/>\nEsta colet\u00e2nea de artigo t\u00e9cnico comp\u00f5e: Fac\u00e7\u00f5es Criminosas; Primeiro Comando Pcc; Universo do Crime Organizado; Pol\u00edticas de Combate.<\/p>\n","protected":false},"excerpt":{"rendered":"<p>Antonio C. Ribeiro Brasiliano Editor Sicurezza Descripci\u00f3n: Crime Organizado com o objetivo de disseminar o conhecimento sobre o assunto pol\u00eamico e de extrema import\u00e2ncia para o setor privado de seguran\u00e7a e p\u00fablico, com o intuito de levar as informa\u00e7\u00f5es para todos os profissionais do setor e da \u00e1rea de Riscos Corporativos. Esta colet\u00e2nea de artigo t\u00e9cnico comp\u00f5e: Fac\u00e7\u00f5es Criminosas; Primeiro Comando Pcc; Universo do Crime Organizado; Pol\u00edticas de Combate.<\/p>\n","protected":false},"author":3,"featured_media":13965,"comment_status":"open","ping_status":"closed","sticky":false,"template":"","format":"standard","meta":{"footnotes":""},"categories":[23,6,25],"tags":[],"class_list":["post-13964","post","type-post","status-publish","format-standard","has-post-thumbnail","hentry","category-gestao-da-seguranca-empresarial","category-livros","category-seguranca-publica-e-defesa"],"views":384,"_links":{"self":[{"href":"https:\/\/www.bibliotecadeseguranca.com.br\/es\/wp-json\/wp\/v2\/posts\/13964","targetHints":{"allow":["GET"]}}],"collection":[{"href":"https:\/\/www.bibliotecadeseguranca.com.br\/es\/wp-json\/wp\/v2\/posts"}],"about":[{"href":"https:\/\/www.bibliotecadeseguranca.com.br\/es\/wp-json\/wp\/v2\/types\/post"}],"author":[{"embeddable":true,"href":"https:\/\/www.bibliotecadeseguranca.com.br\/es\/wp-json\/wp\/v2\/users\/3"}],"replies":[{"embeddable":true,"href":"https:\/\/www.bibliotecadeseguranca.com.br\/es\/wp-json\/wp\/v2\/comments?post=13964"}],"version-history":[{"count":1,"href":"https:\/\/www.bibliotecadeseguranca.com.br\/es\/wp-json\/wp\/v2\/posts\/13964\/revisions"}],"predecessor-version":[{"id":13966,"href":"https:\/\/www.bibliotecadeseguranca.com.br\/es\/wp-json\/wp\/v2\/posts\/13964\/revisions\/13966"}],"wp:featuredmedia":[{"embeddable":true,"href":"https:\/\/www.bibliotecadeseguranca.com.br\/es\/wp-json\/wp\/v2\/media\/13965"}],"wp:attachment":[{"href":"https:\/\/www.bibliotecadeseguranca.com.br\/es\/wp-json\/wp\/v2\/media?parent=13964"}],"wp:term":[{"taxonomy":"category","embeddable":true,"href":"https:\/\/www.bibliotecadeseguranca.com.br\/es\/wp-json\/wp\/v2\/categories?post=13964"},{"taxonomy":"post_tag","embeddable":true,"href":"https:\/\/www.bibliotecadeseguranca.com.br\/es\/wp-json\/wp\/v2\/tags?post=13964"}],"curies":[{"name":"wp","href":"https:\/\/api.w.org\/{rel}","templated":true}]}}