{"id":13835,"date":"2017-03-28T15:00:17","date_gmt":"2017-03-28T18:00:17","guid":{"rendered":"http:\/\/www.bibliotecadeseguranca.com.br\/es\/?p=13835"},"modified":"2017-03-28T14:20:26","modified_gmt":"2017-03-28T17:20:26","slug":"o-principio-da-informacao-ambiental-e-a-seguranca-da-informacao-empresarial","status":"publish","type":"post","link":"https:\/\/www.bibliotecadeseguranca.com.br\/es\/livros\/o-principio-da-informacao-ambiental-e-a-seguranca-da-informacao-empresarial\/","title":{"rendered":"O Princ\u00edpio da Informa\u00e7\u00e3o Ambiental e a Seguran\u00e7a da Informa\u00e7\u00e3o Empresarial"},"content":{"rendered":"<p><span style=\"color: #003366;\"><strong><img loading=\"lazy\" decoding=\"async\" class=\"alignleft size-full wp-image-13836\" src=\"http:\/\/www.bibliotecadeseguranca.com.br\/es\/wp-content\/uploads\/2017\/03\/O-Princ\u00edpio-da-Informa\u00e7\u00e3o-Ambiental-e-a-Seguran\u00e7a-da-Informa\u00e7\u00e3o-Empresarial.jpg\" alt=\"O Princ\u00edpio da Informa\u00e7\u00e3o Ambiental e a Seguran\u00e7a da Informa\u00e7\u00e3o Empresarial\" width=\"145\" height=\"218\" srcset=\"https:\/\/www.bibliotecadeseguranca.com.br\/es\/wp-content\/uploads\/2017\/03\/O-Princ\u00edpio-da-Informa\u00e7\u00e3o-Ambiental-e-a-Seguran\u00e7a-da-Informa\u00e7\u00e3o-Empresarial.jpg 145w, https:\/\/www.bibliotecadeseguranca.com.br\/es\/wp-content\/uploads\/2017\/03\/O-Princ\u00edpio-da-Informa\u00e7\u00e3o-Ambiental-e-a-Seguran\u00e7a-da-Informa\u00e7\u00e3o-Empresarial-100x150.jpg 100w\" sizes=\"auto, (max-width: 145px) 100vw, 145px\" \/>Pedro Lucas Lindoso<\/strong><\/span><\/p>\n<p><span style=\"color: #003366;\"><strong>Editor Paco<\/strong><\/span><\/p>\n<p><span style=\"color: #003366;\"><strong>Descripci\u00f3n:<\/strong><\/span> A presente obra analisa os princ\u00edpios da publicidade e da informa\u00e7\u00e3o com \u00eanfase no interesse coletivo, j\u00e1 que os mesmos s\u00e3o essenciais para a aplica\u00e7\u00e3o efetiva do Direito Ambiental. Nesse sentido, o autor, pautado em ampla experi\u00eancia acad\u00eamica e jur\u00eddica, vai ao ponto crucial da rela\u00e7\u00e3o Livre iniciativa x Direito \u00e0 vida, produzindo um material relevante para todos os setores da sociedade brasileira.<\/p>\n","protected":false},"excerpt":{"rendered":"<p>Pedro Lucas Lindoso Editor Paco Descripci\u00f3n: A presente obra analisa os princ\u00edpios da publicidade e da informa\u00e7\u00e3o com \u00eanfase no interesse coletivo, j\u00e1 que os mesmos s\u00e3o essenciais para a aplica\u00e7\u00e3o efetiva do Direito Ambiental. Nesse sentido, o autor, pautado em ampla experi\u00eancia acad\u00eamica e jur\u00eddica, vai ao ponto crucial da rela\u00e7\u00e3o Livre iniciativa x Direito \u00e0 vida, produzindo um material relevante para todos os setores da sociedade brasileira.<\/p>\n","protected":false},"author":3,"featured_media":13836,"comment_status":"open","ping_status":"closed","sticky":false,"template":"","format":"standard","meta":{"footnotes":""},"categories":[6],"tags":[],"class_list":["post-13835","post","type-post","status-publish","format-standard","has-post-thumbnail","hentry","category-livros"],"views":315,"_links":{"self":[{"href":"https:\/\/www.bibliotecadeseguranca.com.br\/es\/wp-json\/wp\/v2\/posts\/13835","targetHints":{"allow":["GET"]}}],"collection":[{"href":"https:\/\/www.bibliotecadeseguranca.com.br\/es\/wp-json\/wp\/v2\/posts"}],"about":[{"href":"https:\/\/www.bibliotecadeseguranca.com.br\/es\/wp-json\/wp\/v2\/types\/post"}],"author":[{"embeddable":true,"href":"https:\/\/www.bibliotecadeseguranca.com.br\/es\/wp-json\/wp\/v2\/users\/3"}],"replies":[{"embeddable":true,"href":"https:\/\/www.bibliotecadeseguranca.com.br\/es\/wp-json\/wp\/v2\/comments?post=13835"}],"version-history":[{"count":1,"href":"https:\/\/www.bibliotecadeseguranca.com.br\/es\/wp-json\/wp\/v2\/posts\/13835\/revisions"}],"predecessor-version":[{"id":13837,"href":"https:\/\/www.bibliotecadeseguranca.com.br\/es\/wp-json\/wp\/v2\/posts\/13835\/revisions\/13837"}],"wp:featuredmedia":[{"embeddable":true,"href":"https:\/\/www.bibliotecadeseguranca.com.br\/es\/wp-json\/wp\/v2\/media\/13836"}],"wp:attachment":[{"href":"https:\/\/www.bibliotecadeseguranca.com.br\/es\/wp-json\/wp\/v2\/media?parent=13835"}],"wp:term":[{"taxonomy":"category","embeddable":true,"href":"https:\/\/www.bibliotecadeseguranca.com.br\/es\/wp-json\/wp\/v2\/categories?post=13835"},{"taxonomy":"post_tag","embeddable":true,"href":"https:\/\/www.bibliotecadeseguranca.com.br\/es\/wp-json\/wp\/v2\/tags?post=13835"}],"curies":[{"name":"wp","href":"https:\/\/api.w.org\/{rel}","templated":true}]}}