{"id":13428,"date":"2016-09-29T14:00:21","date_gmt":"2016-09-29T17:00:21","guid":{"rendered":"http:\/\/www.bibliotecadeseguranca.com.br\/es\/?p=13428"},"modified":"2016-09-29T13:14:28","modified_gmt":"2016-09-29T16:14:28","slug":"seguranca-publica-2","status":"publish","type":"post","link":"https:\/\/www.bibliotecadeseguranca.com.br\/es\/livros\/seguranca-publica-2\/","title":{"rendered":"Seguran\u00e7a P\u00fablica"},"content":{"rendered":"<p><span style=\"color: #003366;\"><strong><img loading=\"lazy\" decoding=\"async\" class=\"alignleft size-full wp-image-13429\" src=\"http:\/\/www.bibliotecadeseguranca.com.br\/es\/wp-content\/uploads\/2016\/09\/Seguran\u00e7a-P\u00fablica.jpg\" alt=\"Seguran\u00e7a P\u00fablica\" width=\"145\" height=\"208\" srcset=\"https:\/\/www.bibliotecadeseguranca.com.br\/es\/wp-content\/uploads\/2016\/09\/Seguran\u00e7a-P\u00fablica.jpg 145w, https:\/\/www.bibliotecadeseguranca.com.br\/es\/wp-content\/uploads\/2016\/09\/Seguran\u00e7a-P\u00fablica-105x150.jpg 105w\" sizes=\"auto, (max-width: 145px) 100vw, 145px\" \/>Vladimir Passos de Freitas, Fernando Murilo Costa Garcia<\/strong><\/span><\/p>\n<p><span style=\"color: #003366;\"><strong>Editor Lumen Juris<\/strong><\/span><\/p>\n<p><span style=\"color: #003366;\"><strong>Descripci\u00f3n:<\/strong><\/span> A presente obra compila in\u00fameros artigos cr\u00edticos e cient\u00edficos de especialistas, mestres, doutores, professores e profissionais acerca da Seguran\u00e7a P\u00fablica. O tema \u00e9 abordado de forma multidisciplinar e traz conte\u00fado nacional e internacional, de modo a conduzir o leitor a uma reflex\u00e3o acerca das principais nuances e quest\u00f5es cr\u00edticas sobre o tema.<\/p>\n","protected":false},"excerpt":{"rendered":"<p>Vladimir Passos de Freitas, Fernando Murilo Costa Garcia Editor Lumen Juris Descripci\u00f3n: A presente obra compila in\u00fameros artigos cr\u00edticos e cient\u00edficos de especialistas, mestres, doutores, professores e profissionais acerca da Seguran\u00e7a P\u00fablica. O tema \u00e9 abordado de forma multidisciplinar e traz conte\u00fado nacional e internacional, de modo a conduzir o leitor a uma reflex\u00e3o acerca das principais nuances e quest\u00f5es cr\u00edticas sobre o tema.<\/p>\n","protected":false},"author":3,"featured_media":13429,"comment_status":"open","ping_status":"closed","sticky":false,"template":"","format":"standard","meta":{"footnotes":""},"categories":[6,25],"tags":[],"class_list":["post-13428","post","type-post","status-publish","format-standard","has-post-thumbnail","hentry","category-livros","category-seguranca-publica-e-defesa"],"views":442,"_links":{"self":[{"href":"https:\/\/www.bibliotecadeseguranca.com.br\/es\/wp-json\/wp\/v2\/posts\/13428","targetHints":{"allow":["GET"]}}],"collection":[{"href":"https:\/\/www.bibliotecadeseguranca.com.br\/es\/wp-json\/wp\/v2\/posts"}],"about":[{"href":"https:\/\/www.bibliotecadeseguranca.com.br\/es\/wp-json\/wp\/v2\/types\/post"}],"author":[{"embeddable":true,"href":"https:\/\/www.bibliotecadeseguranca.com.br\/es\/wp-json\/wp\/v2\/users\/3"}],"replies":[{"embeddable":true,"href":"https:\/\/www.bibliotecadeseguranca.com.br\/es\/wp-json\/wp\/v2\/comments?post=13428"}],"version-history":[{"count":1,"href":"https:\/\/www.bibliotecadeseguranca.com.br\/es\/wp-json\/wp\/v2\/posts\/13428\/revisions"}],"predecessor-version":[{"id":13430,"href":"https:\/\/www.bibliotecadeseguranca.com.br\/es\/wp-json\/wp\/v2\/posts\/13428\/revisions\/13430"}],"wp:featuredmedia":[{"embeddable":true,"href":"https:\/\/www.bibliotecadeseguranca.com.br\/es\/wp-json\/wp\/v2\/media\/13429"}],"wp:attachment":[{"href":"https:\/\/www.bibliotecadeseguranca.com.br\/es\/wp-json\/wp\/v2\/media?parent=13428"}],"wp:term":[{"taxonomy":"category","embeddable":true,"href":"https:\/\/www.bibliotecadeseguranca.com.br\/es\/wp-json\/wp\/v2\/categories?post=13428"},{"taxonomy":"post_tag","embeddable":true,"href":"https:\/\/www.bibliotecadeseguranca.com.br\/es\/wp-json\/wp\/v2\/tags?post=13428"}],"curies":[{"name":"wp","href":"https:\/\/api.w.org\/{rel}","templated":true}]}}