{"id":13329,"date":"2016-08-18T14:00:08","date_gmt":"2016-08-18T17:00:08","guid":{"rendered":"http:\/\/www.bibliotecadeseguranca.com.br\/es\/?p=13329"},"modified":"2016-08-18T05:42:32","modified_gmt":"2016-08-18T08:42:32","slug":"percepcao-sobre-seguranca-pelos-moradores-de-condominios-horizontais-fechados-no-municipio-de-curitiba-e-sua-relacao-com-a-violencia-urbana","status":"publish","type":"post","link":"https:\/\/www.bibliotecadeseguranca.com.br\/es\/livros\/percepcao-sobre-seguranca-pelos-moradores-de-condominios-horizontais-fechados-no-municipio-de-curitiba-e-sua-relacao-com-a-violencia-urbana\/","title":{"rendered":"Percep\u00e7\u00e3o sobre seguran\u00e7a pelos moradores de condom\u00ednios horizontais fechados no munic\u00edpio de Curitiba e sua rela\u00e7\u00e3o com a viol\u00eancia urbana"},"content":{"rendered":"<p><span style=\"color: #003366;\"><strong><img loading=\"lazy\" decoding=\"async\" class=\"alignleft size-full wp-image-13330\" src=\"http:\/\/www.bibliotecadeseguranca.com.br\/es\/wp-content\/uploads\/2016\/08\/Percep\u00e7\u00e3o-sobre-seguran\u00e7a-pelos-moradores-de-condom\u00ednios-horizontais-fechados-no-munic\u00edpio-de-Curitiba-e-sua-rela\u00e7\u00e3o-com-a-viol\u00eancia-urbana.jpg\" alt=\"Percep\u00e7\u00e3o sobre seguran\u00e7a pelos moradores de condom\u00ednios horizontais fechados no munic\u00edpio de Curitiba e sua rela\u00e7\u00e3o com a viol\u00eancia urbana\" width=\"145\" height=\"205\" srcset=\"https:\/\/www.bibliotecadeseguranca.com.br\/es\/wp-content\/uploads\/2016\/08\/Percep\u00e7\u00e3o-sobre-seguran\u00e7a-pelos-moradores-de-condom\u00ednios-horizontais-fechados-no-munic\u00edpio-de-Curitiba-e-sua-rela\u00e7\u00e3o-com-a-viol\u00eancia-urbana.jpg 145w, https:\/\/www.bibliotecadeseguranca.com.br\/es\/wp-content\/uploads\/2016\/08\/Percep\u00e7\u00e3o-sobre-seguran\u00e7a-pelos-moradores-de-condom\u00ednios-horizontais-fechados-no-munic\u00edpio-de-Curitiba-e-sua-rela\u00e7\u00e3o-com-a-viol\u00eancia-urbana-106x150.jpg 106w\" sizes=\"auto, (max-width: 145px) 100vw, 145px\" \/>Maria da Gra\u00e7a Burcowski<\/strong><\/span><\/p>\n<p><span style=\"color: #003366;\"><strong>Descripci\u00f3n:<\/strong><\/span> Os condom\u00ednios horizontais fechados t\u00eam se proliferado nos espa\u00e7os das cidades e caracterizam-se como um tipo de empreendimento que \u00e9 objeto de desejo, principalmente das classes sociais m\u00e9dias e altas, para fins de moradia. Esta situa\u00e7\u00e3o tem como principal justificativa o medo da viol\u00eancia urbana e a busca por prote\u00e7\u00e3o, a qual acredita-se que \u00e9 encontrada no aparato de seguran\u00e7a, que comumente acompanha esta tipologia de empreendimento.<\/p>\n<p><a href=\"http:\/\/www.bibliotecadeseguranca.com.br\/wp-content\/uploads\/2016\/08\/Seg_Condominio_Maria_Burcowski.pdf\" target=\"_blank\"><img loading=\"lazy\" decoding=\"async\" class=\"alignleft wp-image-11252 size-full\" src=\"http:\/\/www.bibliotecadeseguranca.com.br\/es\/wp-content\/uploads\/2014\/08\/descargar.gif\" alt=\"Descargar\" width=\"93\" height=\"25\" \/><\/a><\/p>\n","protected":false},"excerpt":{"rendered":"<p>Maria da Gra\u00e7a Burcowski Descripci\u00f3n: Os condom\u00ednios horizontais fechados t\u00eam se proliferado nos espa\u00e7os das cidades e caracterizam-se como um tipo de empreendimento que \u00e9 objeto de desejo, principalmente das classes sociais m\u00e9dias e altas, para fins de moradia. Esta situa\u00e7\u00e3o tem como principal justificativa o medo da viol\u00eancia urbana e a busca por prote\u00e7\u00e3o, a qual acredita-se que \u00e9 encontrada no aparato de seguran\u00e7a, que comumente acompanha esta tipologia&hellip; <\/p>\n","protected":false},"author":3,"featured_media":13330,"comment_status":"open","ping_status":"closed","sticky":false,"template":"","format":"standard","meta":{"footnotes":""},"categories":[112,23,6,24,25],"tags":[],"class_list":["post-13329","post","type-post","status-publish","format-standard","has-post-thumbnail","hentry","category-download","category-gestao-da-seguranca-empresarial","category-livros","category-seguranca-pessoal-e-sequestro","category-seguranca-publica-e-defesa"],"views":266,"_links":{"self":[{"href":"https:\/\/www.bibliotecadeseguranca.com.br\/es\/wp-json\/wp\/v2\/posts\/13329","targetHints":{"allow":["GET"]}}],"collection":[{"href":"https:\/\/www.bibliotecadeseguranca.com.br\/es\/wp-json\/wp\/v2\/posts"}],"about":[{"href":"https:\/\/www.bibliotecadeseguranca.com.br\/es\/wp-json\/wp\/v2\/types\/post"}],"author":[{"embeddable":true,"href":"https:\/\/www.bibliotecadeseguranca.com.br\/es\/wp-json\/wp\/v2\/users\/3"}],"replies":[{"embeddable":true,"href":"https:\/\/www.bibliotecadeseguranca.com.br\/es\/wp-json\/wp\/v2\/comments?post=13329"}],"version-history":[{"count":1,"href":"https:\/\/www.bibliotecadeseguranca.com.br\/es\/wp-json\/wp\/v2\/posts\/13329\/revisions"}],"predecessor-version":[{"id":13331,"href":"https:\/\/www.bibliotecadeseguranca.com.br\/es\/wp-json\/wp\/v2\/posts\/13329\/revisions\/13331"}],"wp:featuredmedia":[{"embeddable":true,"href":"https:\/\/www.bibliotecadeseguranca.com.br\/es\/wp-json\/wp\/v2\/media\/13330"}],"wp:attachment":[{"href":"https:\/\/www.bibliotecadeseguranca.com.br\/es\/wp-json\/wp\/v2\/media?parent=13329"}],"wp:term":[{"taxonomy":"category","embeddable":true,"href":"https:\/\/www.bibliotecadeseguranca.com.br\/es\/wp-json\/wp\/v2\/categories?post=13329"},{"taxonomy":"post_tag","embeddable":true,"href":"https:\/\/www.bibliotecadeseguranca.com.br\/es\/wp-json\/wp\/v2\/tags?post=13329"}],"curies":[{"name":"wp","href":"https:\/\/api.w.org\/{rel}","templated":true}]}}