{"id":12610,"date":"2015-10-16T14:00:10","date_gmt":"2015-10-16T17:00:10","guid":{"rendered":"http:\/\/www.bibliotecadeseguranca.com.br\/es\/?p=12610"},"modified":"2015-10-16T13:21:19","modified_gmt":"2015-10-16T16:21:19","slug":"na-linha-de-frente","status":"publish","type":"post","link":"https:\/\/www.bibliotecadeseguranca.com.br\/es\/livros\/na-linha-de-frente\/","title":{"rendered":"Na Linha de Frente"},"content":{"rendered":"<p><span style=\"color: #003366;\"><strong><img loading=\"lazy\" decoding=\"async\" class=\"alignleft size-full wp-image-12611\" src=\"http:\/\/www.bibliotecadeseguranca.com.br\/es\/wp-content\/uploads\/2015\/10\/Na-Linha-de-Frente.jpg\" alt=\"Na Linha de Frente\" width=\"145\" height=\"217\" srcset=\"https:\/\/www.bibliotecadeseguranca.com.br\/es\/wp-content\/uploads\/2015\/10\/Na-Linha-de-Frente.jpg 145w, https:\/\/www.bibliotecadeseguranca.com.br\/es\/wp-content\/uploads\/2015\/10\/Na-Linha-de-Frente-100x150.jpg 100w\" sizes=\"auto, (max-width: 145px) 100vw, 145px\" \/>Jos\u00e9 Ot\u00e1vio Germano<\/strong><\/span><\/p>\n<p><span style=\"color: #003366;\"><strong>Editor Age<\/strong><\/span><\/p>\n<p><span style=\"color: #003366;\"><strong>Descripci\u00f3n:<\/strong><\/span> Reunindo um conjunto de diversos artigos e entrevistas divulgados na imprensa durante os mais de tr\u00eas anos em que o advogado Jos\u00e9 Ot\u00e1vio Germano esteve \u00e0 frente da Secretaria de Justi\u00e7a e Seguran\u00e7a do Rio Grande do Sul, Na Linha de Frente, \u00e9 antes de tudo um documento que registra opini\u00f5es e experi\u00eancias pertinentes a todos os que se interessam pelo tema.<\/p>\n","protected":false},"excerpt":{"rendered":"<p>Jos\u00e9 Ot\u00e1vio Germano Editor Age Descripci\u00f3n: Reunindo um conjunto de diversos artigos e entrevistas divulgados na imprensa durante os mais de tr\u00eas anos em que o advogado Jos\u00e9 Ot\u00e1vio Germano esteve \u00e0 frente da Secretaria de Justi\u00e7a e Seguran\u00e7a do Rio Grande do Sul, Na Linha de Frente, \u00e9 antes de tudo um documento que registra opini\u00f5es e experi\u00eancias pertinentes a todos os que se interessam pelo tema.<\/p>\n","protected":false},"author":3,"featured_media":12611,"comment_status":"open","ping_status":"closed","sticky":false,"template":"","format":"standard","meta":{"footnotes":""},"categories":[6,25],"tags":[],"class_list":["post-12610","post","type-post","status-publish","format-standard","has-post-thumbnail","hentry","category-livros","category-seguranca-publica-e-defesa"],"views":261,"_links":{"self":[{"href":"https:\/\/www.bibliotecadeseguranca.com.br\/es\/wp-json\/wp\/v2\/posts\/12610","targetHints":{"allow":["GET"]}}],"collection":[{"href":"https:\/\/www.bibliotecadeseguranca.com.br\/es\/wp-json\/wp\/v2\/posts"}],"about":[{"href":"https:\/\/www.bibliotecadeseguranca.com.br\/es\/wp-json\/wp\/v2\/types\/post"}],"author":[{"embeddable":true,"href":"https:\/\/www.bibliotecadeseguranca.com.br\/es\/wp-json\/wp\/v2\/users\/3"}],"replies":[{"embeddable":true,"href":"https:\/\/www.bibliotecadeseguranca.com.br\/es\/wp-json\/wp\/v2\/comments?post=12610"}],"version-history":[{"count":1,"href":"https:\/\/www.bibliotecadeseguranca.com.br\/es\/wp-json\/wp\/v2\/posts\/12610\/revisions"}],"predecessor-version":[{"id":12612,"href":"https:\/\/www.bibliotecadeseguranca.com.br\/es\/wp-json\/wp\/v2\/posts\/12610\/revisions\/12612"}],"wp:featuredmedia":[{"embeddable":true,"href":"https:\/\/www.bibliotecadeseguranca.com.br\/es\/wp-json\/wp\/v2\/media\/12611"}],"wp:attachment":[{"href":"https:\/\/www.bibliotecadeseguranca.com.br\/es\/wp-json\/wp\/v2\/media?parent=12610"}],"wp:term":[{"taxonomy":"category","embeddable":true,"href":"https:\/\/www.bibliotecadeseguranca.com.br\/es\/wp-json\/wp\/v2\/categories?post=12610"},{"taxonomy":"post_tag","embeddable":true,"href":"https:\/\/www.bibliotecadeseguranca.com.br\/es\/wp-json\/wp\/v2\/tags?post=12610"}],"curies":[{"name":"wp","href":"https:\/\/api.w.org\/{rel}","templated":true}]}}