{"id":12603,"date":"2015-10-13T14:00:45","date_gmt":"2015-10-13T17:00:45","guid":{"rendered":"http:\/\/www.bibliotecadeseguranca.com.br\/es\/?p=12603"},"modified":"2015-10-13T13:08:56","modified_gmt":"2015-10-13T16:08:56","slug":"estrategia-de-seguranca-da-informacao-e-comunicacoes-e-de-seguranca-cibernetica-da-administracao-publica-federal","status":"publish","type":"post","link":"https:\/\/www.bibliotecadeseguranca.com.br\/es\/livros\/estrategia-de-seguranca-da-informacao-e-comunicacoes-e-de-seguranca-cibernetica-da-administracao-publica-federal\/","title":{"rendered":"Estrat\u00e9gia de Seguran\u00e7a da Informa\u00e7\u00e3o e Comunica\u00e7\u00f5es e de Seguran\u00e7a Cibern\u00e9tica da Administra\u00e7\u00e3o P\u00fablica Federal"},"content":{"rendered":"<p><span style=\"color: #003366;\"><strong><img loading=\"lazy\" decoding=\"async\" class=\"alignleft size-full wp-image-12604\" src=\"http:\/\/www.bibliotecadeseguranca.com.br\/es\/wp-content\/uploads\/2015\/10\/Estrategia-de-Seguranca-da-Inforamcao-e-Comunicacoes.jpg\" alt=\"Estrat\u00e9gia de Seguran\u00e7a da Informa\u00e7\u00e3o e Comunica\u00e7\u00f5es e de Seguran\u00e7a Cibern\u00e9tica da Administra\u00e7\u00e3o P\u00fablica Federal\" width=\"145\" height=\"174\" srcset=\"https:\/\/www.bibliotecadeseguranca.com.br\/es\/wp-content\/uploads\/2015\/10\/Estrategia-de-Seguranca-da-Inforamcao-e-Comunicacoes.jpg 145w, https:\/\/www.bibliotecadeseguranca.com.br\/es\/wp-content\/uploads\/2015\/10\/Estrategia-de-Seguranca-da-Inforamcao-e-Comunicacoes-125x150.jpg 125w\" sizes=\"auto, (max-width: 145px) 100vw, 145px\" \/>Editor Departamento de Seguran\u00e7a da Informa\u00e7\u00e3o e Comunica\u00e7\u00f5es<\/strong><\/span><\/p>\n<p><span style=\"color: #003366;\"><strong>Descripci\u00f3n:<\/strong><\/span> Este instrumento de apoio ao planejamento estrat\u00e9gico governamental complementa a Instru\u00e7\u00e3o Normativa GSI\/PR 01\/2008, re\u00fane um conjunto de objetivos estrat\u00e9gicos e metas para os pr\u00f3ximos quatro anos, e visa a busca da excel\u00eancia da Seguran\u00e7a da Informa\u00e7\u00e3o e Comunica\u00e7\u00f5es (SIC) e da Seguran\u00e7a Cibern\u00e9tica (SegCiber) no \u00e2mbito da Administra\u00e7\u00e3o P\u00fablica Federal (APF) do Pa\u00eds, contemplando relevantes aspectos, dada a complexidade e a din\u00e2mica de tais temas no cen\u00e1rio atual, nacional e mundial.<\/p>\n<p><a href=\"http:\/\/www.bibliotecadeseguranca.com.br\/wp-content\/uploads\/2015\/10\/4_Estrategia_de_SIC.pdf\" target=\"_blank\"><img loading=\"lazy\" decoding=\"async\" class=\"alignleft wp-image-11252 size-full\" src=\"http:\/\/www.bibliotecadeseguranca.com.br\/es\/wp-content\/uploads\/2014\/08\/descargar.gif\" alt=\"Descargar\" width=\"93\" height=\"25\" \/><\/a><\/p>\n","protected":false},"excerpt":{"rendered":"<p>Editor Departamento de Seguran\u00e7a da Informa\u00e7\u00e3o e Comunica\u00e7\u00f5es Descripci\u00f3n: Este instrumento de apoio ao planejamento estrat\u00e9gico governamental complementa a Instru\u00e7\u00e3o Normativa GSI\/PR 01\/2008, re\u00fane um conjunto de objetivos estrat\u00e9gicos e metas para os pr\u00f3ximos quatro anos, e visa a busca da excel\u00eancia da Seguran\u00e7a da Informa\u00e7\u00e3o e Comunica\u00e7\u00f5es (SIC) e da Seguran\u00e7a Cibern\u00e9tica (SegCiber) no \u00e2mbito da Administra\u00e7\u00e3o P\u00fablica Federal (APF) do Pa\u00eds, contemplando relevantes aspectos, dada a complexidade e&hellip; <\/p>\n","protected":false},"author":3,"featured_media":12604,"comment_status":"open","ping_status":"closed","sticky":false,"template":"","format":"standard","meta":{"footnotes":""},"categories":[112,6,20],"tags":[],"class_list":["post-12603","post","type-post","status-publish","format-standard","has-post-thumbnail","hentry","category-download","category-livros","category-seguranca-da-informacao"],"views":261,"_links":{"self":[{"href":"https:\/\/www.bibliotecadeseguranca.com.br\/es\/wp-json\/wp\/v2\/posts\/12603","targetHints":{"allow":["GET"]}}],"collection":[{"href":"https:\/\/www.bibliotecadeseguranca.com.br\/es\/wp-json\/wp\/v2\/posts"}],"about":[{"href":"https:\/\/www.bibliotecadeseguranca.com.br\/es\/wp-json\/wp\/v2\/types\/post"}],"author":[{"embeddable":true,"href":"https:\/\/www.bibliotecadeseguranca.com.br\/es\/wp-json\/wp\/v2\/users\/3"}],"replies":[{"embeddable":true,"href":"https:\/\/www.bibliotecadeseguranca.com.br\/es\/wp-json\/wp\/v2\/comments?post=12603"}],"version-history":[{"count":1,"href":"https:\/\/www.bibliotecadeseguranca.com.br\/es\/wp-json\/wp\/v2\/posts\/12603\/revisions"}],"predecessor-version":[{"id":12605,"href":"https:\/\/www.bibliotecadeseguranca.com.br\/es\/wp-json\/wp\/v2\/posts\/12603\/revisions\/12605"}],"wp:featuredmedia":[{"embeddable":true,"href":"https:\/\/www.bibliotecadeseguranca.com.br\/es\/wp-json\/wp\/v2\/media\/12604"}],"wp:attachment":[{"href":"https:\/\/www.bibliotecadeseguranca.com.br\/es\/wp-json\/wp\/v2\/media?parent=12603"}],"wp:term":[{"taxonomy":"category","embeddable":true,"href":"https:\/\/www.bibliotecadeseguranca.com.br\/es\/wp-json\/wp\/v2\/categories?post=12603"},{"taxonomy":"post_tag","embeddable":true,"href":"https:\/\/www.bibliotecadeseguranca.com.br\/es\/wp-json\/wp\/v2\/tags?post=12603"}],"curies":[{"name":"wp","href":"https:\/\/api.w.org\/{rel}","templated":true}]}}