{"id":12487,"date":"2015-08-31T14:00:17","date_gmt":"2015-08-31T17:00:17","guid":{"rendered":"http:\/\/www.bibliotecadeseguranca.com.br\/es\/?p=12487"},"modified":"2015-09-25T19:15:53","modified_gmt":"2015-09-25T22:15:53","slug":"direito-publico-e-seguranca-publica","status":"publish","type":"post","link":"https:\/\/www.bibliotecadeseguranca.com.br\/es\/livros\/direito-publico-e-seguranca-publica\/","title":{"rendered":"Direito P\u00fablico e Seguran\u00e7a P\u00fablica"},"content":{"rendered":"<p><span style=\"color: #003366;\"><strong><img loading=\"lazy\" decoding=\"async\" class=\"alignleft size-full wp-image-12488\" src=\"http:\/\/www.bibliotecadeseguranca.com.br\/es\/wp-content\/uploads\/2015\/08\/direito-publico-e-seguranca-publica.jpg\" alt=\"Direito P\u00fablico e Seguranca P\u00fablica\" width=\"145\" height=\"216\" srcset=\"https:\/\/www.bibliotecadeseguranca.com.br\/es\/wp-content\/uploads\/2015\/08\/direito-publico-e-seguranca-publica.jpg 145w, https:\/\/www.bibliotecadeseguranca.com.br\/es\/wp-content\/uploads\/2015\/08\/direito-publico-e-seguranca-publica-101x150.jpg 101w\" sizes=\"auto, (max-width: 145px) 100vw, 145px\" \/>Raphael Sofiati<\/strong><\/span><\/p>\n<p><span style=\"color: #003366;\"><strong>Editor Lumen Juris<\/strong><\/span><\/p>\n<p><span style=\"color: #003366;\"><strong>Descripci\u00f3n:<\/strong><\/span> Esta obra compreende estudos e pareceres da lavra do autor sobre assuntos relacionados a temas atuais de direito p\u00fablico e, especialmente, \u00e0 seguran\u00e7a p\u00fablica. Seu enfoque \u00e9, a um s\u00f3 tempo, te\u00f3rico e pr\u00e1tico, fundado tanto nos conhecimentos do autor quanto na sua experi\u00eancia profissional como advogado de \u00f3rg\u00e3o envolvido diretamente com a seguran\u00e7a p\u00fablica municipal.<\/p>\n","protected":false},"excerpt":{"rendered":"<p>Raphael Sofiati Editor Lumen Juris Descripci\u00f3n: Esta obra compreende estudos e pareceres da lavra do autor sobre assuntos relacionados a temas atuais de direito p\u00fablico e, especialmente, \u00e0 seguran\u00e7a p\u00fablica. Seu enfoque \u00e9, a um s\u00f3 tempo, te\u00f3rico e pr\u00e1tico, fundado tanto nos conhecimentos do autor quanto na sua experi\u00eancia profissional como advogado de \u00f3rg\u00e3o envolvido diretamente com a seguran\u00e7a p\u00fablica municipal.<\/p>\n","protected":false},"author":3,"featured_media":12488,"comment_status":"open","ping_status":"closed","sticky":false,"template":"","format":"standard","meta":{"footnotes":""},"categories":[6,25],"tags":[],"class_list":["post-12487","post","type-post","status-publish","format-standard","has-post-thumbnail","hentry","category-livros","category-seguranca-publica-e-defesa"],"views":308,"_links":{"self":[{"href":"https:\/\/www.bibliotecadeseguranca.com.br\/es\/wp-json\/wp\/v2\/posts\/12487","targetHints":{"allow":["GET"]}}],"collection":[{"href":"https:\/\/www.bibliotecadeseguranca.com.br\/es\/wp-json\/wp\/v2\/posts"}],"about":[{"href":"https:\/\/www.bibliotecadeseguranca.com.br\/es\/wp-json\/wp\/v2\/types\/post"}],"author":[{"embeddable":true,"href":"https:\/\/www.bibliotecadeseguranca.com.br\/es\/wp-json\/wp\/v2\/users\/3"}],"replies":[{"embeddable":true,"href":"https:\/\/www.bibliotecadeseguranca.com.br\/es\/wp-json\/wp\/v2\/comments?post=12487"}],"version-history":[{"count":2,"href":"https:\/\/www.bibliotecadeseguranca.com.br\/es\/wp-json\/wp\/v2\/posts\/12487\/revisions"}],"predecessor-version":[{"id":12563,"href":"https:\/\/www.bibliotecadeseguranca.com.br\/es\/wp-json\/wp\/v2\/posts\/12487\/revisions\/12563"}],"wp:featuredmedia":[{"embeddable":true,"href":"https:\/\/www.bibliotecadeseguranca.com.br\/es\/wp-json\/wp\/v2\/media\/12488"}],"wp:attachment":[{"href":"https:\/\/www.bibliotecadeseguranca.com.br\/es\/wp-json\/wp\/v2\/media?parent=12487"}],"wp:term":[{"taxonomy":"category","embeddable":true,"href":"https:\/\/www.bibliotecadeseguranca.com.br\/es\/wp-json\/wp\/v2\/categories?post=12487"},{"taxonomy":"post_tag","embeddable":true,"href":"https:\/\/www.bibliotecadeseguranca.com.br\/es\/wp-json\/wp\/v2\/tags?post=12487"}],"curies":[{"name":"wp","href":"https:\/\/api.w.org\/{rel}","templated":true}]}}