{"id":12015,"date":"2015-02-10T08:30:03","date_gmt":"2015-02-10T11:30:03","guid":{"rendered":"http:\/\/www.bibliotecadeseguranca.com.br\/es\/?p=12015"},"modified":"2015-02-10T03:02:59","modified_gmt":"2015-02-10T06:02:59","slug":"criminalidade-como-prevenir-e-se-defender","status":"publish","type":"post","link":"https:\/\/www.bibliotecadeseguranca.com.br\/es\/livros\/criminalidade-como-prevenir-e-se-defender\/","title":{"rendered":"Criminalidade: Como Prevenir e se Defender"},"content":{"rendered":"<p><span style=\"color: #003366;\"><strong><img loading=\"lazy\" decoding=\"async\" class=\"alignleft size-full wp-image-12016\" src=\"http:\/\/www.bibliotecadeseguranca.com.br\/es\/wp-content\/uploads\/2015\/02\/criminalidade-como-prevenir-e-se-defender.jpg\" alt=\"Criminalidade: Como Prevenir e se Defender\" width=\"145\" height=\"216\" srcset=\"https:\/\/www.bibliotecadeseguranca.com.br\/es\/wp-content\/uploads\/2015\/02\/criminalidade-como-prevenir-e-se-defender.jpg 145w, https:\/\/www.bibliotecadeseguranca.com.br\/es\/wp-content\/uploads\/2015\/02\/criminalidade-como-prevenir-e-se-defender-101x150.jpg 101w\" sizes=\"auto, (max-width: 145px) 100vw, 145px\" \/>Andr\u00e9 Moraes Garcia<\/strong><\/span><\/p>\n<p><span style=\"color: #003366;\"><strong>Editor AGE<\/strong><\/span><\/p>\n<p><span style=\"color: #003366;\"><strong>Descripci\u00f3n:<\/strong><\/span> Abrigam-se na proposta desta obra id\u00e9ias de transforma\u00e7\u00e3o da passividade, onde repousam alguns espectadores que poder\u00e3o deixar de ser testemunhas para serem reagentes naturais de uma realidade mais justa.<\/p>\n","protected":false},"excerpt":{"rendered":"<p>Andr\u00e9 Moraes Garcia Editor AGE Descripci\u00f3n: Abrigam-se na proposta desta obra id\u00e9ias de transforma\u00e7\u00e3o da passividade, onde repousam alguns espectadores que poder\u00e3o deixar de ser testemunhas para serem reagentes naturais de uma realidade mais justa.<\/p>\n","protected":false},"author":3,"featured_media":12016,"comment_status":"open","ping_status":"closed","sticky":false,"template":"","format":"standard","meta":{"footnotes":""},"categories":[10,6,24],"tags":[],"class_list":["post-12015","post","type-post","status-publish","format-standard","has-post-thumbnail","hentry","category-crime-violencia-e-criminologia","category-livros","category-seguranca-pessoal-e-sequestro"],"views":279,"_links":{"self":[{"href":"https:\/\/www.bibliotecadeseguranca.com.br\/es\/wp-json\/wp\/v2\/posts\/12015","targetHints":{"allow":["GET"]}}],"collection":[{"href":"https:\/\/www.bibliotecadeseguranca.com.br\/es\/wp-json\/wp\/v2\/posts"}],"about":[{"href":"https:\/\/www.bibliotecadeseguranca.com.br\/es\/wp-json\/wp\/v2\/types\/post"}],"author":[{"embeddable":true,"href":"https:\/\/www.bibliotecadeseguranca.com.br\/es\/wp-json\/wp\/v2\/users\/3"}],"replies":[{"embeddable":true,"href":"https:\/\/www.bibliotecadeseguranca.com.br\/es\/wp-json\/wp\/v2\/comments?post=12015"}],"version-history":[{"count":1,"href":"https:\/\/www.bibliotecadeseguranca.com.br\/es\/wp-json\/wp\/v2\/posts\/12015\/revisions"}],"predecessor-version":[{"id":12017,"href":"https:\/\/www.bibliotecadeseguranca.com.br\/es\/wp-json\/wp\/v2\/posts\/12015\/revisions\/12017"}],"wp:featuredmedia":[{"embeddable":true,"href":"https:\/\/www.bibliotecadeseguranca.com.br\/es\/wp-json\/wp\/v2\/media\/12016"}],"wp:attachment":[{"href":"https:\/\/www.bibliotecadeseguranca.com.br\/es\/wp-json\/wp\/v2\/media?parent=12015"}],"wp:term":[{"taxonomy":"category","embeddable":true,"href":"https:\/\/www.bibliotecadeseguranca.com.br\/es\/wp-json\/wp\/v2\/categories?post=12015"},{"taxonomy":"post_tag","embeddable":true,"href":"https:\/\/www.bibliotecadeseguranca.com.br\/es\/wp-json\/wp\/v2\/tags?post=12015"}],"curies":[{"name":"wp","href":"https:\/\/api.w.org\/{rel}","templated":true}]}}