{"id":8998,"date":"2013-11-29T08:30:24","date_gmt":"2013-11-29T11:30:24","guid":{"rendered":"http:\/\/www.bibliotecadeseguranca.com.br\/en\/?p=8998"},"modified":"2014-08-20T18:34:04","modified_gmt":"2014-08-20T21:34:04","slug":"dicas-de-seguranca-pessoal","status":"publish","type":"post","link":"https:\/\/www.bibliotecadeseguranca.com.br\/en\/livros\/dicas-de-seguranca-pessoal\/","title":{"rendered":"Dicas de Seguran\u00e7a Pessoal"},"content":{"rendered":"<p><img loading=\"lazy\" decoding=\"async\" class=\"alignleft size-full wp-image-8999\" alt=\"Dicas de Seguran\u00e7a Pessoal\" src=\"http:\/\/www.bibliotecadeseguranca.com.br\/en\/wp-content\/uploads\/2013\/11\/dicas-de-seguranca-pessoal.jpg\" width=\"145\" height=\"206\" srcset=\"https:\/\/www.bibliotecadeseguranca.com.br\/en\/wp-content\/uploads\/2013\/11\/dicas-de-seguranca-pessoal.jpg 145w, https:\/\/www.bibliotecadeseguranca.com.br\/en\/wp-content\/uploads\/2013\/11\/dicas-de-seguranca-pessoal-105x150.jpg 105w\" sizes=\"auto, (max-width: 145px) 100vw, 145px\" \/><span style=\"color: #003366;\"><strong>Overview:<\/strong><\/span> Visando aprimorar a seguran\u00e7a dos Membros e Servidores do Minist\u00e9rio P\u00fablico por meio de orienta\u00e7\u00f5es para preven\u00e7\u00e3o de roubos, furtos e &#8220;sequestros rel\u00e2mpagos&#8221; foi organizado, pela Coordenadoria de Seguran\u00e7a Institucional do MPDFT, um conjunto de recomenda\u00e7\u00f5es que, seguidas no cotidiano, minimizar\u00e3o o risco da ocorr\u00eancia de crimes contra a pessoa e o patrim\u00f4nio. Ressalta-se que qualquer medida adotada pelos \u00f3rgaos de Seguran\u00e7a somente ter\u00e3o pleno \u00eaxito se contarem com a colabora\u00e7\u00e3o de todos.<br \/>\nNesse contexto, destaca-se que \u00e9 imprescind\u00edvel ter consci\u00eancia da import\u00e2ncia do seu comportamento para evitar delitos e, efetivamente, mudar atitudes.<\/p>\n<p><a title=\"Dicas de Seguran\u00e7a Pessoal\" href=\"http:\/\/www.mpdft.mp.br\/portal\/pdf\/comunicacao\/Cartilha_Dicas_Seguranca.pdf\" target=\"_blank\"><img loading=\"lazy\" decoding=\"async\" class=\"alignleft size-full wp-image-11251\" src=\"http:\/\/www.bibliotecadeseguranca.com.br\/en\/wp-content\/uploads\/2014\/08\/download.gif\" alt=\"Download\" width=\"89\" height=\"25\" \/><\/a><\/p>\n","protected":false},"excerpt":{"rendered":"<p>Overview: Visando aprimorar a seguran\u00e7a dos Membros e Servidores do Minist\u00e9rio P\u00fablico por meio de orienta\u00e7\u00f5es para preven\u00e7\u00e3o de roubos, furtos e &#8220;sequestros rel\u00e2mpagos&#8221; foi organizado, pela Coordenadoria de Seguran\u00e7a Institucional do MPDFT, um conjunto de recomenda\u00e7\u00f5es que, seguidas no cotidiano, minimizar\u00e3o o risco da ocorr\u00eancia de crimes contra a pessoa e o patrim\u00f4nio. Ressalta-se que qualquer medida adotada pelos \u00f3rgaos de Seguran\u00e7a somente ter\u00e3o pleno \u00eaxito se contarem com&hellip; <\/p>\n","protected":false},"author":3,"featured_media":8999,"comment_status":"open","ping_status":"closed","sticky":false,"template":"","format":"standard","meta":{"footnotes":""},"categories":[6,112,24],"tags":[],"class_list":["post-8998","post","type-post","status-publish","format-standard","has-post-thumbnail","hentry","category-livros","category-download","category-seguranca-pessoal-e-sequestro"],"views":360,"_links":{"self":[{"href":"https:\/\/www.bibliotecadeseguranca.com.br\/en\/wp-json\/wp\/v2\/posts\/8998","targetHints":{"allow":["GET"]}}],"collection":[{"href":"https:\/\/www.bibliotecadeseguranca.com.br\/en\/wp-json\/wp\/v2\/posts"}],"about":[{"href":"https:\/\/www.bibliotecadeseguranca.com.br\/en\/wp-json\/wp\/v2\/types\/post"}],"author":[{"embeddable":true,"href":"https:\/\/www.bibliotecadeseguranca.com.br\/en\/wp-json\/wp\/v2\/users\/3"}],"replies":[{"embeddable":true,"href":"https:\/\/www.bibliotecadeseguranca.com.br\/en\/wp-json\/wp\/v2\/comments?post=8998"}],"version-history":[{"count":4,"href":"https:\/\/www.bibliotecadeseguranca.com.br\/en\/wp-json\/wp\/v2\/posts\/8998\/revisions"}],"predecessor-version":[{"id":11260,"href":"https:\/\/www.bibliotecadeseguranca.com.br\/en\/wp-json\/wp\/v2\/posts\/8998\/revisions\/11260"}],"wp:featuredmedia":[{"embeddable":true,"href":"https:\/\/www.bibliotecadeseguranca.com.br\/en\/wp-json\/wp\/v2\/media\/8999"}],"wp:attachment":[{"href":"https:\/\/www.bibliotecadeseguranca.com.br\/en\/wp-json\/wp\/v2\/media?parent=8998"}],"wp:term":[{"taxonomy":"category","embeddable":true,"href":"https:\/\/www.bibliotecadeseguranca.com.br\/en\/wp-json\/wp\/v2\/categories?post=8998"},{"taxonomy":"post_tag","embeddable":true,"href":"https:\/\/www.bibliotecadeseguranca.com.br\/en\/wp-json\/wp\/v2\/tags?post=8998"}],"curies":[{"name":"wp","href":"https:\/\/api.w.org\/{rel}","templated":true}]}}