{"id":8976,"date":"2013-11-20T14:30:50","date_gmt":"2013-11-20T17:30:50","guid":{"rendered":"http:\/\/www.bibliotecadeseguranca.com.br\/en\/?p=8976"},"modified":"2016-04-16T22:28:07","modified_gmt":"2016-04-17T01:28:07","slug":"anuario-brasileiro-de-seguranca-publica-2013","status":"publish","type":"post","link":"https:\/\/www.bibliotecadeseguranca.com.br\/en\/livros\/anuario-brasileiro-de-seguranca-publica-2013\/","title":{"rendered":"Anu\u00e1rio Brasileiro de Seguran\u00e7a P\u00fablica 2013"},"content":{"rendered":"<p><img loading=\"lazy\" decoding=\"async\" class=\"alignleft size-full wp-image-8977\" src=\"http:\/\/www.bibliotecadeseguranca.com.br\/en\/wp-content\/uploads\/2013\/11\/anuario-brasileiro-de-seguranca-publica-2013.jpg\" alt=\"Anu\u00e1rio Brasileiro de Seguran\u00e7a P\u00fablica 2013\" width=\"145\" height=\"204\" srcset=\"https:\/\/www.bibliotecadeseguranca.com.br\/en\/wp-content\/uploads\/2013\/11\/anuario-brasileiro-de-seguranca-publica-2013.jpg 145w, https:\/\/www.bibliotecadeseguranca.com.br\/en\/wp-content\/uploads\/2013\/11\/anuario-brasileiro-de-seguranca-publica-2013-106x150.jpg 106w\" sizes=\"auto, (max-width: 145px) 100vw, 145px\" \/>Em meio \u00e0 comemora\u00e7\u00e3o dos 25 anos da Constitui\u00e7\u00e3o Federal de 1988, no momento em que os governos e as pol\u00edcias est\u00e3o administrando as demandas geradas pelas manifesta\u00e7\u00f5es sociais que tomaram as ruas desde junho deste ano e, ainda, no contexto da defini\u00e7\u00e3o dos contornos da disputa eleitoral de 2014, seguran\u00e7a p\u00fablica continua sendo um tema tabu no Brasil.<\/p>\n<p>E, nesse contexto, os dados publicados na edi\u00e7\u00e3o 2013 do Anu\u00e1rio Brasileiro de Seguran\u00e7a P\u00fablica refor\u00e7am a sensa\u00e7\u00e3o de que vivemos em uma sociedade fraturada e com medo; aflita diante da possibilidade cotidiana de ser v\u00edtima e ref\u00e9m do crime e da viol\u00eancia.<\/p>\n<p><a title=\"Anu\u00e1rio Brasileiro de Seguran\u00e7a P\u00fablica 2013\" href=\"http:\/\/www.bibliotecadeseguranca.com.br\/wp-content\/uploads\/2016\/04\/anuario_2013.pdf\" target=\"_blank\"><img loading=\"lazy\" decoding=\"async\" class=\"alignleft wp-image-11251 size-full\" src=\"http:\/\/www.bibliotecadeseguranca.com.br\/en\/wp-content\/uploads\/2014\/08\/download.gif\" alt=\"Download\" width=\"89\" height=\"25\" \/><\/a><\/p>\n","protected":false},"excerpt":{"rendered":"<p>Em meio \u00e0 comemora\u00e7\u00e3o dos 25 anos da Constitui\u00e7\u00e3o Federal de 1988, no momento em que os governos e as pol\u00edcias est\u00e3o administrando as demandas geradas pelas manifesta\u00e7\u00f5es sociais que tomaram as ruas desde junho deste ano e, ainda, no contexto da defini\u00e7\u00e3o dos contornos da disputa eleitoral de 2014, seguran\u00e7a p\u00fablica continua sendo um tema tabu no Brasil. E, nesse contexto, os dados publicados na edi\u00e7\u00e3o 2013 do Anu\u00e1rio&hellip; <\/p>\n","protected":false},"author":3,"featured_media":8977,"comment_status":"open","ping_status":"closed","sticky":false,"template":"","format":"standard","meta":{"footnotes":""},"categories":[6,112,25],"tags":[],"class_list":["post-8976","post","type-post","status-publish","format-standard","has-post-thumbnail","hentry","category-livros","category-download","category-seguranca-publica-e-defesa"],"views":966,"_links":{"self":[{"href":"https:\/\/www.bibliotecadeseguranca.com.br\/en\/wp-json\/wp\/v2\/posts\/8976","targetHints":{"allow":["GET"]}}],"collection":[{"href":"https:\/\/www.bibliotecadeseguranca.com.br\/en\/wp-json\/wp\/v2\/posts"}],"about":[{"href":"https:\/\/www.bibliotecadeseguranca.com.br\/en\/wp-json\/wp\/v2\/types\/post"}],"author":[{"embeddable":true,"href":"https:\/\/www.bibliotecadeseguranca.com.br\/en\/wp-json\/wp\/v2\/users\/3"}],"replies":[{"embeddable":true,"href":"https:\/\/www.bibliotecadeseguranca.com.br\/en\/wp-json\/wp\/v2\/comments?post=8976"}],"version-history":[{"count":3,"href":"https:\/\/www.bibliotecadeseguranca.com.br\/en\/wp-json\/wp\/v2\/posts\/8976\/revisions"}],"predecessor-version":[{"id":13048,"href":"https:\/\/www.bibliotecadeseguranca.com.br\/en\/wp-json\/wp\/v2\/posts\/8976\/revisions\/13048"}],"wp:featuredmedia":[{"embeddable":true,"href":"https:\/\/www.bibliotecadeseguranca.com.br\/en\/wp-json\/wp\/v2\/media\/8977"}],"wp:attachment":[{"href":"https:\/\/www.bibliotecadeseguranca.com.br\/en\/wp-json\/wp\/v2\/media?parent=8976"}],"wp:term":[{"taxonomy":"category","embeddable":true,"href":"https:\/\/www.bibliotecadeseguranca.com.br\/en\/wp-json\/wp\/v2\/categories?post=8976"},{"taxonomy":"post_tag","embeddable":true,"href":"https:\/\/www.bibliotecadeseguranca.com.br\/en\/wp-json\/wp\/v2\/tags?post=8976"}],"curies":[{"name":"wp","href":"https:\/\/api.w.org\/{rel}","templated":true}]}}