{"id":8931,"date":"2013-11-13T08:20:29","date_gmt":"2013-11-13T11:20:29","guid":{"rendered":"http:\/\/www.bibliotecadeseguranca.com.br\/en\/?p=8931"},"modified":"2014-02-05T22:34:10","modified_gmt":"2014-02-06T01:34:10","slug":"traite-de-securite-interieure","status":"publish","type":"post","link":"https:\/\/www.bibliotecadeseguranca.com.br\/en\/livros\/traite-de-securite-interieure\/","title":{"rendered":"Trait\u00e9 de S\u00e9curit\u00e9 Int\u00e9rieure"},"content":{"rendered":"<p><strong><img loading=\"lazy\" decoding=\"async\" class=\"alignleft size-full wp-image-8932\" alt=\"Trait\u00e9 de S\u00e9curit\u00e9 Int\u00e9rieure\" src=\"http:\/\/www.bibliotecadeseguranca.com.br\/en\/wp-content\/uploads\/2013\/11\/traite-de-securite-interieure.jpg\" width=\"145\" height=\"236\" srcset=\"https:\/\/www.bibliotecadeseguranca.com.br\/en\/wp-content\/uploads\/2013\/11\/traite-de-securite-interieure.jpg 145w, https:\/\/www.bibliotecadeseguranca.com.br\/en\/wp-content\/uploads\/2013\/11\/traite-de-securite-interieure-92x150.jpg 92w\" sizes=\"auto, (max-width: 145px) 100vw, 145px\" \/><span style=\"color: #003366;\">Maurice Cusson, Beno\u00eet Dupont, Fr\u00e9d\u00e9ric Lemieux<\/span><\/strong><\/p>\n<p><span style=\"color: #003366;\"><strong>Publisher PPUR<\/strong><\/span><\/p>\n<p><span style=\"color: #003366;\"><strong>Overview:<\/strong><\/span> Le pr\u00e9sent ouvrage comble assur\u00e9ment un vide, car on ne trouve nulle part un trait\u00e9 couvrant tous les aspects majeurs de la s\u00e9curit\u00e9 priv\u00e9e et publique. Le corpus des connaissances essentielles est ici propos\u00e9 en six parties: la nature de la s\u00e9curit\u00e9 int\u00e9rieur: les grandes manifestations de la criminalit\u00e9, le renseignement et les m\u00e9thodes d&#8217;analyse des probl\u00e8mes criminels, les moyens de la pr\u00e9vention, l&#8217;usage de la force polici\u00e8re et l&#8217;enqu\u00eate criminelle et, finalement, la gestion de crise, les mesures d&#8217;urgence et le maintien de l&#8217;ordre. Ce trait\u00e9 s&#8217;adresse aux \u00e9tudiants et aux professeurs des fili\u00e8res de formation en science criminelles et des \u00e9tudes polici\u00e8res tout comme aux praticiens de la s\u00e9curit\u00e9 : police, gendarmerie, services internes de s\u00fbret\u00e9, agences de s\u00e9curit\u00e9 priv\u00e9e&#8230; Et sa port\u00e9e est r\u00e9solument internationale : son contenu int\u00e9ressera les sp\u00e9cialistes en s\u00e9curit\u00e9 de toute la francophonie. Ses 37 collaborateurs (professeurs, praticiens et chercheurs) proviennent du Qu\u00e9bec, de France, de Suisse et de Belgique. Cet ouvrage propose pour la premi\u00e8re fois des r\u00e9ponses r\u00e9alistes, document\u00e9es et argument\u00e9es \u00e0 la grande question : comment nos d\u00e9mocraties peuvent-elles assurer leur s\u00e9curit\u00e9 dans le respect de la justice, des droits et des libert\u00e9s individuelles ?<\/p>\n","protected":false},"excerpt":{"rendered":"<p>Maurice Cusson, Beno\u00eet Dupont, Fr\u00e9d\u00e9ric Lemieux Publisher PPUR Overview: Le pr\u00e9sent ouvrage comble assur\u00e9ment un vide, car on ne trouve nulle part un trait\u00e9 couvrant tous les aspects majeurs de la s\u00e9curit\u00e9 priv\u00e9e et publique. Le corpus des connaissances essentielles est ici propos\u00e9 en six parties: la nature de la s\u00e9curit\u00e9 int\u00e9rieur: les grandes manifestations de la criminalit\u00e9, le renseignement et les m\u00e9thodes d&#8217;analyse des probl\u00e8mes criminels, les moyens de&hellip; <\/p>\n","protected":false},"author":3,"featured_media":8932,"comment_status":"open","ping_status":"closed","sticky":false,"template":"","format":"standard","meta":{"footnotes":""},"categories":[6,23,109,25],"tags":[],"class_list":["post-8931","post","type-post","status-publish","format-standard","has-post-thumbnail","hentry","category-livros","category-enterprise-security-management","category-francais","category-seguranca-publica-e-defesa"],"views":529,"_links":{"self":[{"href":"https:\/\/www.bibliotecadeseguranca.com.br\/en\/wp-json\/wp\/v2\/posts\/8931","targetHints":{"allow":["GET"]}}],"collection":[{"href":"https:\/\/www.bibliotecadeseguranca.com.br\/en\/wp-json\/wp\/v2\/posts"}],"about":[{"href":"https:\/\/www.bibliotecadeseguranca.com.br\/en\/wp-json\/wp\/v2\/types\/post"}],"author":[{"embeddable":true,"href":"https:\/\/www.bibliotecadeseguranca.com.br\/en\/wp-json\/wp\/v2\/users\/3"}],"replies":[{"embeddable":true,"href":"https:\/\/www.bibliotecadeseguranca.com.br\/en\/wp-json\/wp\/v2\/comments?post=8931"}],"version-history":[{"count":2,"href":"https:\/\/www.bibliotecadeseguranca.com.br\/en\/wp-json\/wp\/v2\/posts\/8931\/revisions"}],"predecessor-version":[{"id":10172,"href":"https:\/\/www.bibliotecadeseguranca.com.br\/en\/wp-json\/wp\/v2\/posts\/8931\/revisions\/10172"}],"wp:featuredmedia":[{"embeddable":true,"href":"https:\/\/www.bibliotecadeseguranca.com.br\/en\/wp-json\/wp\/v2\/media\/8932"}],"wp:attachment":[{"href":"https:\/\/www.bibliotecadeseguranca.com.br\/en\/wp-json\/wp\/v2\/media?parent=8931"}],"wp:term":[{"taxonomy":"category","embeddable":true,"href":"https:\/\/www.bibliotecadeseguranca.com.br\/en\/wp-json\/wp\/v2\/categories?post=8931"},{"taxonomy":"post_tag","embeddable":true,"href":"https:\/\/www.bibliotecadeseguranca.com.br\/en\/wp-json\/wp\/v2\/tags?post=8931"}],"curies":[{"name":"wp","href":"https:\/\/api.w.org\/{rel}","templated":true}]}}