{"id":8902,"date":"2013-11-06T08:20:55","date_gmt":"2013-11-06T11:20:55","guid":{"rendered":"http:\/\/www.bibliotecadeseguranca.com.br\/en\/?p=8902"},"modified":"2014-02-05T22:39:04","modified_gmt":"2014-02-06T01:39:04","slug":"gerer-les-risques-criminels-en-entreprise","status":"publish","type":"post","link":"https:\/\/www.bibliotecadeseguranca.com.br\/en\/livros\/gerer-les-risques-criminels-en-entreprise\/","title":{"rendered":"G\u00e9rer les Risques Criminels en Entreprise"},"content":{"rendered":"<p><strong><img loading=\"lazy\" decoding=\"async\" class=\"alignleft size-full wp-image-8903\" alt=\"G\u00e9rer les Risques Criminels en Entreprise\" src=\"http:\/\/www.bibliotecadeseguranca.com.br\/en\/wp-content\/uploads\/2013\/11\/gerer-les-risques-criminels-en-entreprise.jpg\" width=\"145\" height=\"218\" srcset=\"https:\/\/www.bibliotecadeseguranca.com.br\/en\/wp-content\/uploads\/2013\/11\/gerer-les-risques-criminels-en-entreprise.jpg 145w, https:\/\/www.bibliotecadeseguranca.com.br\/en\/wp-content\/uploads\/2013\/11\/gerer-les-risques-criminels-en-entreprise-99x150.jpg 99w\" sizes=\"auto, (max-width: 145px) 100vw, 145px\" \/><span style=\"color: #003366;\">Alain Juillet, Olivier Hassid, Mathieu Pellerin<\/span><\/strong><\/p>\n<p><span style=\"color: #003366;\"><strong>Publisher De Boeck<\/strong><\/span><\/p>\n<p><span style=\"color: #003366;\"><strong>Overview:<\/strong><\/span> Savez-vous que les entreprises europ\u00e9ennes sont menac\u00e9es de toute part ? Pas seulement par la concurrence saine et loyale&#8230; D&#8217;abord, dans leurs secrets de fabrication, par la contrefa\u00e7on, par des atteintes \u00e0 leur r\u00e9putation, par les attaques cybern\u00e9tiques, l&#8217;intrusion dans leurs r\u00e9seaux informatiques, etc. Conna\u00eetre les plans d&#8217;une entreprise, ses projets, cela peut se faire \u00e0 moindre co\u00fbt ! Mais ce n&#8217;est pas tout, nos entreprises ne peuvent \u00eatre d\u00e9tach\u00e9es de l&#8217;environnement politique et c&#8217;est le rapt contre ran\u00e7on du personnel \u00e0 l&#8217;\u00e9tranger, les vols, les s\u00e9questrations. Bref, elles doivent apprendre \u00e0 se prot\u00e9ger, \u00e0 se d\u00e9fendre. Cet ouvrage aborde de fa\u00e7on pratique avec des exemples concrets la probl\u00e9matique grandissante du risque criminel en entreprise. Un risque qui mal \u00e9valu\u00e9 peut co\u00fbter tr\u00e8s cher \u00e0 tout le monde. Il propose de le g\u00e9rer de fa\u00e7on raisonnable et raisonn\u00e9e, comme un des besoins naturels de toutes les entreprises du grand groupe \u00e0 la PME.<\/p>\n","protected":false},"excerpt":{"rendered":"<p>Alain Juillet, Olivier Hassid, Mathieu Pellerin Publisher De Boeck Overview: Savez-vous que les entreprises europ\u00e9ennes sont menac\u00e9es de toute part ? Pas seulement par la concurrence saine et loyale&#8230; D&#8217;abord, dans leurs secrets de fabrication, par la contrefa\u00e7on, par des atteintes \u00e0 leur r\u00e9putation, par les attaques cybern\u00e9tiques, l&#8217;intrusion dans leurs r\u00e9seaux informatiques, etc. Conna\u00eetre les plans d&#8217;une entreprise, ses projets, cela peut se faire \u00e0 moindre co\u00fbt ! Mais&hellip; <\/p>\n","protected":false},"author":3,"featured_media":8903,"comment_status":"open","ping_status":"closed","sticky":false,"template":"","format":"standard","meta":{"footnotes":""},"categories":[6,23,109],"tags":[],"class_list":["post-8902","post","type-post","status-publish","format-standard","has-post-thumbnail","hentry","category-livros","category-enterprise-security-management","category-francais"],"views":294,"_links":{"self":[{"href":"https:\/\/www.bibliotecadeseguranca.com.br\/en\/wp-json\/wp\/v2\/posts\/8902","targetHints":{"allow":["GET"]}}],"collection":[{"href":"https:\/\/www.bibliotecadeseguranca.com.br\/en\/wp-json\/wp\/v2\/posts"}],"about":[{"href":"https:\/\/www.bibliotecadeseguranca.com.br\/en\/wp-json\/wp\/v2\/types\/post"}],"author":[{"embeddable":true,"href":"https:\/\/www.bibliotecadeseguranca.com.br\/en\/wp-json\/wp\/v2\/users\/3"}],"replies":[{"embeddable":true,"href":"https:\/\/www.bibliotecadeseguranca.com.br\/en\/wp-json\/wp\/v2\/comments?post=8902"}],"version-history":[{"count":2,"href":"https:\/\/www.bibliotecadeseguranca.com.br\/en\/wp-json\/wp\/v2\/posts\/8902\/revisions"}],"predecessor-version":[{"id":10143,"href":"https:\/\/www.bibliotecadeseguranca.com.br\/en\/wp-json\/wp\/v2\/posts\/8902\/revisions\/10143"}],"wp:featuredmedia":[{"embeddable":true,"href":"https:\/\/www.bibliotecadeseguranca.com.br\/en\/wp-json\/wp\/v2\/media\/8903"}],"wp:attachment":[{"href":"https:\/\/www.bibliotecadeseguranca.com.br\/en\/wp-json\/wp\/v2\/media?parent=8902"}],"wp:term":[{"taxonomy":"category","embeddable":true,"href":"https:\/\/www.bibliotecadeseguranca.com.br\/en\/wp-json\/wp\/v2\/categories?post=8902"},{"taxonomy":"post_tag","embeddable":true,"href":"https:\/\/www.bibliotecadeseguranca.com.br\/en\/wp-json\/wp\/v2\/tags?post=8902"}],"curies":[{"name":"wp","href":"https:\/\/api.w.org\/{rel}","templated":true}]}}