{"id":8367,"date":"2013-06-24T05:10:33","date_gmt":"2013-06-24T08:10:33","guid":{"rendered":"http:\/\/www.bibliotecadeseguranca.com.br\/en\/?p=8367"},"modified":"2014-02-05T23:31:58","modified_gmt":"2014-02-06T02:31:58","slug":"a-protecao-contra-incendios-no-projeto-de-edificacoes","status":"publish","type":"post","link":"https:\/\/www.bibliotecadeseguranca.com.br\/en\/livros\/a-protecao-contra-incendios-no-projeto-de-edificacoes\/","title":{"rendered":"A Prote\u00e7\u00e3o Contra Inc\u00eandios no Projeto de Edifica\u00e7\u00f5es"},"content":{"rendered":"<p><strong><img loading=\"lazy\" decoding=\"async\" class=\"alignleft size-full wp-image-8368\" alt=\"A Prote\u00e7\u00e3o Contra Inc\u00eandios no Projeto de Edifica\u00e7\u00f5es\" src=\"http:\/\/www.bibliotecadeseguranca.com.br\/en\/wp-content\/uploads\/2013\/06\/a-protecao-contra-incendios-no-projeto-de-edificacoes.jpg\" width=\"145\" height=\"192\" srcset=\"https:\/\/www.bibliotecadeseguranca.com.br\/en\/wp-content\/uploads\/2013\/06\/a-protecao-contra-incendios-no-projeto-de-edificacoes.jpg 145w, https:\/\/www.bibliotecadeseguranca.com.br\/en\/wp-content\/uploads\/2013\/06\/a-protecao-contra-incendios-no-projeto-de-edificacoes-113x150.jpg 113w\" sizes=\"auto, (max-width: 145px) 100vw, 145px\" \/><span style=\"color: #003366;\">Telmo Brentano<\/span><\/strong><\/p>\n<p><span style=\"color: #003366;\"><strong>Publisher T-Edi\u00e7\u00f5es<\/strong><\/span><\/p>\n<p><span style=\"color: #003366;\"><strong>Overview:<\/strong><\/span> Este livro, que est\u00e1 na 2\u00aa edi\u00e7\u00e3o, trata das instala\u00e7\u00f5es b\u00e1sicas de prote\u00e7\u00e3o contra inc\u00eandios necess\u00e1rias em edifica\u00e7\u00f5es convencionais. Este livro praticamente complementa o livro 1 &#8211; Instala\u00e7\u00f5es Hidr\u00e1ulicas de Combate a Inc\u00eandios nas Edifica\u00e7\u00f5es. Na elabora\u00e7\u00e3o do projeto arquitet\u00f4nico de uma edifica\u00e7\u00e3o devem-se elaborar conjuntamente os demais projetos complementares, como estrutural, hidr\u00e1ulico, el\u00e9trico, de prote\u00e7\u00e3o contra inc\u00eandios, e outros.<\/p>\n<p>A edifica\u00e7\u00e3o, de acordo com a ocupa\u00e7\u00e3o, \u00e1rea, altura e carga t\u00e9rmica, pode necessitar de maiores condi\u00e7\u00f5es de prote\u00e7\u00e3o contra inc\u00eandio, que podem ser bem invasivas nos espa\u00e7os arquitet\u00f4nicos, como escadas amplas, sistema de chuveiros autom\u00e1ticos, caixas de inc\u00eandio, extintores de inc\u00eandio, e outros. O projeto desses espa\u00e7os e instala\u00e7\u00f5es n\u00e3o pode ser elaborado ap\u00f3s a conclus\u00e3o do projeto arquitet\u00f4nico. Isto vale da mesma forma para os demais projetos, porque os espa\u00e7os necess\u00e1rios para cada um deles devem ser previstos e compatibilizados para que as respectivas execu\u00e7\u00f5es sejam mais r\u00e1pidas, sem desperd\u00edcios de mat\u00e9rias e com melhores condi\u00e7\u00f5es de funcionamento. Todos os projetos devem ser elaborados simultaneamente e coordenados.<\/p>\n<p>No livro se enfatiza a seguran\u00e7a das pessoas com uma abordagem ampla sobre as sa\u00eddas de emerg\u00eancia, com 123 p\u00e1ginas. \u00c9 apresentada a acessibilidade universal para deficientes nas rotas de sa\u00eddas de emerg\u00eancia, obrigat\u00f3ria pela Lei Federal 2596, de 02 de dezembro de 2004. Este cap\u00edtulo \u00e9 praticamente um livro dentro do livro.<br \/>\nS\u00e3o 18 cap\u00edtulos, com mais de 400 imagens coloridas e pretas e brancas, e 100 fotos coloridas.<\/p>\n","protected":false},"excerpt":{"rendered":"<p>Telmo Brentano Publisher T-Edi\u00e7\u00f5es Overview: Este livro, que est\u00e1 na 2\u00aa edi\u00e7\u00e3o, trata das instala\u00e7\u00f5es b\u00e1sicas de prote\u00e7\u00e3o contra inc\u00eandios necess\u00e1rias em edifica\u00e7\u00f5es convencionais. Este livro praticamente complementa o livro 1 &#8211; Instala\u00e7\u00f5es Hidr\u00e1ulicas de Combate a Inc\u00eandios nas Edifica\u00e7\u00f5es. Na elabora\u00e7\u00e3o do projeto arquitet\u00f4nico de uma edifica\u00e7\u00e3o devem-se elaborar conjuntamente os demais projetos complementares, como estrutural, hidr\u00e1ulico, el\u00e9trico, de prote\u00e7\u00e3o contra inc\u00eandios, e outros. A edifica\u00e7\u00e3o, de acordo com&hellip; <\/p>\n","protected":false},"author":3,"featured_media":8368,"comment_status":"open","ping_status":"closed","sticky":false,"template":"","format":"standard","meta":{"footnotes":""},"categories":[6,17],"tags":[],"class_list":["post-8367","post","type-post","status-publish","format-standard","has-post-thumbnail","hentry","category-livros","category-incendio"],"views":1062,"_links":{"self":[{"href":"https:\/\/www.bibliotecadeseguranca.com.br\/en\/wp-json\/wp\/v2\/posts\/8367","targetHints":{"allow":["GET"]}}],"collection":[{"href":"https:\/\/www.bibliotecadeseguranca.com.br\/en\/wp-json\/wp\/v2\/posts"}],"about":[{"href":"https:\/\/www.bibliotecadeseguranca.com.br\/en\/wp-json\/wp\/v2\/types\/post"}],"author":[{"embeddable":true,"href":"https:\/\/www.bibliotecadeseguranca.com.br\/en\/wp-json\/wp\/v2\/users\/3"}],"replies":[{"embeddable":true,"href":"https:\/\/www.bibliotecadeseguranca.com.br\/en\/wp-json\/wp\/v2\/comments?post=8367"}],"version-history":[{"count":2,"href":"https:\/\/www.bibliotecadeseguranca.com.br\/en\/wp-json\/wp\/v2\/posts\/8367\/revisions"}],"predecessor-version":[{"id":9981,"href":"https:\/\/www.bibliotecadeseguranca.com.br\/en\/wp-json\/wp\/v2\/posts\/8367\/revisions\/9981"}],"wp:featuredmedia":[{"embeddable":true,"href":"https:\/\/www.bibliotecadeseguranca.com.br\/en\/wp-json\/wp\/v2\/media\/8368"}],"wp:attachment":[{"href":"https:\/\/www.bibliotecadeseguranca.com.br\/en\/wp-json\/wp\/v2\/media?parent=8367"}],"wp:term":[{"taxonomy":"category","embeddable":true,"href":"https:\/\/www.bibliotecadeseguranca.com.br\/en\/wp-json\/wp\/v2\/categories?post=8367"},{"taxonomy":"post_tag","embeddable":true,"href":"https:\/\/www.bibliotecadeseguranca.com.br\/en\/wp-json\/wp\/v2\/tags?post=8367"}],"curies":[{"name":"wp","href":"https:\/\/api.w.org\/{rel}","templated":true}]}}