{"id":7001,"date":"2013-01-30T00:08:22","date_gmt":"2013-01-30T03:08:22","guid":{"rendered":"http:\/\/www.bibliotecadeseguranca.com.br\/en\/?p=7001"},"modified":"2014-02-06T00:30:51","modified_gmt":"2014-02-06T03:30:51","slug":"revista-sesvesp-ano-xv-no-109-setout-2012","status":"publish","type":"post","link":"https:\/\/www.bibliotecadeseguranca.com.br\/en\/periodicos-de-seguranca\/revista-sesvesp-ano-xv-no-109-setout-2012\/","title":{"rendered":"Revista Sesvesp Ano XV, N\u00ba 109, Set\/Out 2012"},"content":{"rendered":"<p><strong><img loading=\"lazy\" decoding=\"async\" class=\"alignleft size-full wp-image-7011\" title=\"Revista Sesvesp Ano XV, N\u00ba 109, Set\/Out 2012\" alt=\"\" src=\"http:\/\/www.bibliotecadeseguranca.com.br\/en\/wp-content\/uploads\/2013\/01\/revista-sesvesp-ano-xv-no-109-setout-2012.jpg\" width=\"150\" height=\"199\" srcset=\"https:\/\/www.bibliotecadeseguranca.com.br\/en\/wp-content\/uploads\/2013\/01\/revista-sesvesp-ano-xv-no-109-setout-2012.jpg 150w, https:\/\/www.bibliotecadeseguranca.com.br\/en\/wp-content\/uploads\/2013\/01\/revista-sesvesp-ano-xv-no-109-setout-2012-113x150.jpg 113w\" sizes=\"auto, (max-width: 150px) 100vw, 150px\" \/><span style=\"color: #003366;\">Evento<\/span><\/strong><br \/>\n6 &#8211; Caf\u00e9 da Manh\u00e3 para Novos Associados<br \/>\n<strong><span style=\"color: #003366;\">Evento<\/span><\/strong><br \/>\n7 &#8211; Almo\u00e7o de Confraterniza\u00e7\u00e3o entre empres\u00e1rios e amigos da Delegacia Regional de Santos<br \/>\n<span style=\"color: #003366;\"><strong>Representatividade<\/strong><\/span><br \/>\n8 &#8211; SESVESP filia-se \u00e0 CNS &#8211; Confedera\u00e7\u00e3o Nacional de Servi\u00e7os<br \/>\n<span style=\"color: #003366;\"><strong>Destaque<\/strong><\/span><br \/>\n10 &#8211; 2012 encerrado em grande estilo<br \/>\n<strong><span style=\"color: #003366;\">Mercado<\/span><\/strong><br \/>\n20 &#8211; Grupo GP conquista pelo 5 ano consecutivo o Pr\u00eamio &#8220;Empresa do Ano SESVESP&#8221;<br \/>\n<strong><span style=\"color: #003366;\">Legisla\u00e7\u00e3o<\/span><\/strong><br \/>\n21 &#8211; Lei 12740\/12 institui adicional de periculosidade<br \/>\n<strong><span style=\"color: #003366;\">Recursos Humanos<\/span><\/strong><br \/>\n23 &#8211; Grupo CT cria &#8220;Semana da Sa\u00fade&#8221;<br \/>\n<strong><span style=\"color: #003366;\">Legisla\u00e7\u00e3o<\/span><\/strong><br \/>\n28 &#8211; L\u00edderes debatem aplicabilidade da S\u00famula 444<br \/>\n<strong><span style=\"color: #003366;\">Evento<\/span><\/strong><br \/>\n29 &#8211; Cebrasse avan\u00e7a na representa\u00e7\u00e3o nacional do setor<br \/>\n<strong><span style=\"color: #003366;\">Mercado<\/span><\/strong><br \/>\n37 &#8211; Biblioteca de Seguran\u00e7a auxilia o desenvolvimento de profissionais da \u00e1rea<br \/>\n<strong><span style=\"color: #003366;\">Artigo<\/span><\/strong><br \/>\n38 &#8211; Comiss\u00e3o de Aprendizado do SESVESP re\u00fane-se com Ju\u00edza do Trabalho<br \/>\n<strong><span style=\"color: #003366;\">Evento<\/span><\/strong><br \/>\n40 &#8211; Grupo Preserve\/Liserve lan\u00e7a sua mais nova frota de carros-fortes<br \/>\n<strong><span style=\"color: #003366;\">Evento<\/span><\/strong><br \/>\n41 &#8211; Cerim\u00f4nia Anual do Projeto Soldado-Cidad\u00e3o<\/p>\n<p><a title=\"Revista Sesvesp Ano XV, N\u00ba 109, Set\/Out 2012\" href=\"http:\/\/www.sesvesp.com.br\/revistas\/edicao_109.cfm\" target=\"_blank\">Link para a revista<\/a><\/p>\n","protected":false},"excerpt":{"rendered":"<p>Evento 6 &#8211; Caf\u00e9 da Manh\u00e3 para Novos Associados Evento 7 &#8211; Almo\u00e7o de Confraterniza\u00e7\u00e3o entre empres\u00e1rios e amigos da Delegacia Regional de Santos Representatividade 8 &#8211; SESVESP filia-se \u00e0 CNS &#8211; Confedera\u00e7\u00e3o Nacional de Servi\u00e7os Destaque 10 &#8211; 2012 encerrado em grande estilo Mercado 20 &#8211; Grupo GP conquista pelo 5 ano consecutivo o Pr\u00eamio &#8220;Empresa do Ano SESVESP&#8221; Legisla\u00e7\u00e3o 21 &#8211; Lei 12740\/12 institui adicional de periculosidade Recursos&hellip; <\/p>\n","protected":false},"author":3,"featured_media":7011,"comment_status":"open","ping_status":"closed","sticky":false,"template":"","format":"standard","meta":{"footnotes":""},"categories":[103,71],"tags":[],"class_list":["post-7001","post","type-post","status-publish","format-standard","has-post-thumbnail","hentry","category-revista-sesvesp","category-periodicos-de-seguranca"],"views":472,"_links":{"self":[{"href":"https:\/\/www.bibliotecadeseguranca.com.br\/en\/wp-json\/wp\/v2\/posts\/7001","targetHints":{"allow":["GET"]}}],"collection":[{"href":"https:\/\/www.bibliotecadeseguranca.com.br\/en\/wp-json\/wp\/v2\/posts"}],"about":[{"href":"https:\/\/www.bibliotecadeseguranca.com.br\/en\/wp-json\/wp\/v2\/types\/post"}],"author":[{"embeddable":true,"href":"https:\/\/www.bibliotecadeseguranca.com.br\/en\/wp-json\/wp\/v2\/users\/3"}],"replies":[{"embeddable":true,"href":"https:\/\/www.bibliotecadeseguranca.com.br\/en\/wp-json\/wp\/v2\/comments?post=7001"}],"version-history":[{"count":4,"href":"https:\/\/www.bibliotecadeseguranca.com.br\/en\/wp-json\/wp\/v2\/posts\/7001\/revisions"}],"predecessor-version":[{"id":9733,"href":"https:\/\/www.bibliotecadeseguranca.com.br\/en\/wp-json\/wp\/v2\/posts\/7001\/revisions\/9733"}],"wp:featuredmedia":[{"embeddable":true,"href":"https:\/\/www.bibliotecadeseguranca.com.br\/en\/wp-json\/wp\/v2\/media\/7011"}],"wp:attachment":[{"href":"https:\/\/www.bibliotecadeseguranca.com.br\/en\/wp-json\/wp\/v2\/media?parent=7001"}],"wp:term":[{"taxonomy":"category","embeddable":true,"href":"https:\/\/www.bibliotecadeseguranca.com.br\/en\/wp-json\/wp\/v2\/categories?post=7001"},{"taxonomy":"post_tag","embeddable":true,"href":"https:\/\/www.bibliotecadeseguranca.com.br\/en\/wp-json\/wp\/v2\/tags?post=7001"}],"curies":[{"name":"wp","href":"https:\/\/api.w.org\/{rel}","templated":true}]}}