{"id":6971,"date":"2013-01-30T00:04:53","date_gmt":"2013-01-30T03:04:53","guid":{"rendered":"http:\/\/www.bibliotecadeseguranca.com.br\/en\/?p=6971"},"modified":"2014-02-06T00:30:57","modified_gmt":"2014-02-06T03:30:57","slug":"revista-sesvesp-ano-xv-no-108-julago-2012","status":"publish","type":"post","link":"https:\/\/www.bibliotecadeseguranca.com.br\/en\/periodicos-de-seguranca\/revista-sesvesp-ano-xv-no-108-julago-2012\/","title":{"rendered":"Revista Sesvesp Ano XV, N\u00ba 108, Jul\/Ago 2012"},"content":{"rendered":"<p><strong><img loading=\"lazy\" decoding=\"async\" class=\"alignleft size-full wp-image-6981\" title=\"Revista Sesvesp Ano XV, N\u00ba 108, Jul\/Ago 2012\" alt=\"\" src=\"http:\/\/www.bibliotecadeseguranca.com.br\/en\/wp-content\/uploads\/2013\/01\/revista-sesvesp-ano-xv-no-108-julago-2012.jpg\" width=\"150\" height=\"199\" srcset=\"https:\/\/www.bibliotecadeseguranca.com.br\/en\/wp-content\/uploads\/2013\/01\/revista-sesvesp-ano-xv-no-108-julago-2012.jpg 150w, https:\/\/www.bibliotecadeseguranca.com.br\/en\/wp-content\/uploads\/2013\/01\/revista-sesvesp-ano-xv-no-108-julago-2012-113x150.jpg 113w\" sizes=\"auto, (max-width: 150px) 100vw, 150px\" \/><span style=\"color: #003366;\">Evento<\/span><\/strong><br \/>\n7 &#8211; Alegria marca confraterniza\u00e7\u00e3o entre empres\u00e1rios e amigos da Delegacia Regional do ABC<br \/>\n<strong><span style=\"color: #003366;\">Evento<\/span><\/strong><br \/>\n8 &#8211; Associados da regi\u00e3o de Campinas e Diretoria do SESVESP em animado almo\u00e7o<br \/>\n<strong><span style=\"color: #003366;\">Mercado<\/span><\/strong><br \/>\n10 &#8211; Grupo Protege lan\u00e7a solu\u00e7\u00e3o para transporte de cargas com alto valor agregado<br \/>\n<strong><span style=\"color: #003366;\">Destaque<\/span><\/strong><br \/>\n12 &#8211; Copa 2014: o que muda para a seguran\u00e7a privada<br \/>\n<strong><span style=\"color: #003366;\">Mercado<\/span><\/strong><br \/>\n14 &#8211; Forma\u00e7\u00e3o em Grandes Eventos em Risco<br \/>\n<strong><span style=\"color: #003366;\">Artigo<\/span><\/strong><br \/>\n19 &#8211; Seguran\u00e7a nos Grandes Eventos Internacionais e o que esperar desse legado para o mercado<br \/>\n<strong><span style=\"color: #003366;\">Cidadania<\/span><\/strong><br \/>\n23 &#8211; Projeto Soldado Cidad\u00e3o<br \/>\n<strong><span style=\"color: #003366;\">Evento<\/span><\/strong><br \/>\n28 &#8211; Homenagem aos vigilantes<br \/>\n<strong><span style=\"color: #003366;\">Arte<\/span><\/strong><br \/>\n30 &#8211; Obra de Vinicius Pellegrino no Espa\u00e7o Cultural C\u00e2ndido Portinari<br \/>\n<strong><span style=\"color: #003366;\">Artigo<\/span><\/strong><br \/>\n38 &#8211; Ess\u00eancia Humana e a Excel\u00eancia Profissional: Uma Quest\u00e3o de Car\u00e1ter<br \/>\n<strong><span style=\"color: #003366;\">Evento<\/span><\/strong><br \/>\n40 &#8211; &#8220;Caf\u00e9 na Ro\u00e7a&#8221; comemora 20 anos da Muralha Seguran\u00e7a<\/p>\n<p><a title=\"Revista Sesvesp Ano XV, N\u00ba 108, Jul\/Ago 2012\" href=\"http:\/\/www.sesvesp.com.br\/revistas\/edicao_108.cfm\" target=\"_blank\">Link para a revista<\/a><\/p>\n","protected":false},"excerpt":{"rendered":"<p>Evento 7 &#8211; Alegria marca confraterniza\u00e7\u00e3o entre empres\u00e1rios e amigos da Delegacia Regional do ABC Evento 8 &#8211; Associados da regi\u00e3o de Campinas e Diretoria do SESVESP em animado almo\u00e7o Mercado 10 &#8211; Grupo Protege lan\u00e7a solu\u00e7\u00e3o para transporte de cargas com alto valor agregado Destaque 12 &#8211; Copa 2014: o que muda para a seguran\u00e7a privada Mercado 14 &#8211; Forma\u00e7\u00e3o em Grandes Eventos em Risco Artigo 19 &#8211; Seguran\u00e7a&hellip; <\/p>\n","protected":false},"author":3,"featured_media":6981,"comment_status":"open","ping_status":"closed","sticky":false,"template":"","format":"standard","meta":{"footnotes":""},"categories":[103,71],"tags":[],"class_list":["post-6971","post","type-post","status-publish","format-standard","has-post-thumbnail","hentry","category-revista-sesvesp","category-periodicos-de-seguranca"],"views":439,"_links":{"self":[{"href":"https:\/\/www.bibliotecadeseguranca.com.br\/en\/wp-json\/wp\/v2\/posts\/6971","targetHints":{"allow":["GET"]}}],"collection":[{"href":"https:\/\/www.bibliotecadeseguranca.com.br\/en\/wp-json\/wp\/v2\/posts"}],"about":[{"href":"https:\/\/www.bibliotecadeseguranca.com.br\/en\/wp-json\/wp\/v2\/types\/post"}],"author":[{"embeddable":true,"href":"https:\/\/www.bibliotecadeseguranca.com.br\/en\/wp-json\/wp\/v2\/users\/3"}],"replies":[{"embeddable":true,"href":"https:\/\/www.bibliotecadeseguranca.com.br\/en\/wp-json\/wp\/v2\/comments?post=6971"}],"version-history":[{"count":4,"href":"https:\/\/www.bibliotecadeseguranca.com.br\/en\/wp-json\/wp\/v2\/posts\/6971\/revisions"}],"predecessor-version":[{"id":9732,"href":"https:\/\/www.bibliotecadeseguranca.com.br\/en\/wp-json\/wp\/v2\/posts\/6971\/revisions\/9732"}],"wp:featuredmedia":[{"embeddable":true,"href":"https:\/\/www.bibliotecadeseguranca.com.br\/en\/wp-json\/wp\/v2\/media\/6981"}],"wp:attachment":[{"href":"https:\/\/www.bibliotecadeseguranca.com.br\/en\/wp-json\/wp\/v2\/media?parent=6971"}],"wp:term":[{"taxonomy":"category","embeddable":true,"href":"https:\/\/www.bibliotecadeseguranca.com.br\/en\/wp-json\/wp\/v2\/categories?post=6971"},{"taxonomy":"post_tag","embeddable":true,"href":"https:\/\/www.bibliotecadeseguranca.com.br\/en\/wp-json\/wp\/v2\/tags?post=6971"}],"curies":[{"name":"wp","href":"https:\/\/api.w.org\/{rel}","templated":true}]}}